{"id":95,"date":"2021-04-28T19:18:28","date_gmt":"2021-04-28T19:18:28","guid":{"rendered":"https:\/\/apprendreaprier.net\/blog-priere\/?p=95"},"modified":"2022-05-25T20:51:36","modified_gmt":"2022-05-25T20:51:36","slug":"comment-prier-marie","status":"publish","type":"post","link":"https:\/\/apprendreaprier.net\/blog-priere\/2021\/04\/comment-prier-marie\/","title":{"rendered":"Comment prier Marie?"},"content":{"rendered":"\n<p>Lorsque l&rsquo;on parle de pri\u00e8re, vient la question de la pri\u00e8re adress\u00e9e \u00e0 la <a rel=\"noreferrer noopener\" href=\"https:\/\/oraison.apprendreaprier.net\/meditation\/jour18.html\" target=\"_blank\">Vierge Marie<\/a>. Peut-on prier la Sainte Vierge si l&rsquo;objet de la pri\u00e8re est Dieu? Oui! Parce que Marie ne remplace pas J\u00e9sus, elle nous aide \u00e0 aller vers lui. Un enfant n&rsquo;est-il pas mieux sur les genoux de sa Maman pour lire un livre, que par terre sur un carrelage dur et froid? Il en est de m\u00eame pour notre vie spirituelle : nous sommes mieux sur les genoux de la Vierge Marie pour regarder Dieu que livr\u00e9s par terre \u00e0 nos seules petites capacit\u00e9s. <\/p>\n\n\n\n<p>Nous avons consacr\u00e9 une m\u00e9ditation dans notre \u00e9cole de pri\u00e8re sur <a rel=\"noreferrer noopener\" href=\"https:\/\/oraison.apprendreaprier.net\/meditation\/jour18.html\" data-type=\"URL\" data-id=\"https:\/\/oraison.apprendreaprier.net\/meditation\/jour18.html\" target=\"_blank\">la Vierge Marie et la pri\u00e8re (jour 18)<\/a>. Pour approfondir, voici la vid\u00e9o de la conf\u00e9rence que nous avons donn\u00e9e \u00e0 <a rel=\"noreferrer noopener\" href=\"https:\/\/www.sanctuaire-notredamedulaus.com\/\" data-type=\"URL\" data-id=\"https:\/\/www.sanctuaire-notredamedulaus.com\/\" target=\"_blank\">Notre-Dame du Laus<\/a>, o\u00f9 la Sainte Vierge est apparue pendant 54 ans. A partir des <strong>apparitions de Fatima<\/strong> en 1917 et de l&rsquo;enseignement de <strong>saint Louis-Marie Grignion de Montfort<\/strong>, nous pr\u00e9sentons plusieurs d\u00e9votions \u00e0 la Vierge Marie (chapelet, rosaire, communion des cinq premiers samedis, cons\u00e9cration \u00e0 J\u00e9sus par Marie) et nous expliquons pourquoi nous passons par Marie pour mieux prier Dieu.<\/p>\n\n\n\n<p>Une <strong>seconde conf\u00e9rence<\/strong> en vid\u00e9o sur la question : <a rel=\"noreferrer noopener\" href=\"https:\/\/apprendreaprier.net\/blog-priere\/2021\/05\/que-nous-dit-marie-de-jesus-les-5-verites-mariales\/\" target=\"_blank\">\u00ab\u00a0<em>Que nous dit Marie de J\u00e9sus? Les cinq v\u00e9rit\u00e9s mariales<\/em>\u00a0\u00bb est disponible ici<\/a>.<\/p>\n\n\n\n<p>Et nous vous proposons aussi une <strong>vid\u00e9o<\/strong> sur <a href=\"https:\/\/apprendreaprier.net\/blog-priere\/2021\/08\/marie-femme-de-foi\" data-type=\"URL\" data-id=\"https:\/\/apprendreaprier.net\/blog-priere\/2021\/08\/marie-femme-de-foi\" target=\"_blank\" rel=\"noreferrer noopener\">Marie, femme de Foi<\/a>.<\/p>\n\n\n\n<figure class=\"wp-block-embed is-type-video is-provider-youtube wp-block-embed-youtube wp-embed-aspect-16-9 wp-has-aspect-ratio\"><div class=\"wp-block-embed__wrapper\">\n<iframe loading=\"lazy\" title=\"Fatima et la cons\u00e9cration \u00e0 Marie - p\u00e8re S\u00e9bastien Coudroy\" width=\"750\" height=\"422\" src=\"https:\/\/www.youtube.com\/embed\/7OIPCEo8q6U?feature=oembed\" frameborder=\"0\" allow=\"accelerometer; autoplay; clipboard-write; encrypted-media; gyroscope; picture-in-picture\" allowfullscreen><\/iframe>\n<\/div><figcaption>Fatima et la cons\u00e9cration \u00e0 J\u00e9sus par Marie<\/figcaption><\/figure>\n\n\n\n<p>Ci-dessous les citations utilis\u00e9es dans la conf\u00e9rence : <\/p>\n\n\n\n<p><em>\u00ab&nbsp;\u00d4 mon J\u00e9sus, pardonnez-nous nos p\u00e9ch\u00e9s, pr\u00e9servez-nous du feu de l\u2019enfer, et conduisez au Ciel toutes les \u00e2mes, surtout celles qui ont le plus besoin de votre sainte mis\u00e9ricorde&nbsp;\u00bb<\/em> (Marie \u00e0 Fatima)<\/p>\n\n\n\n<p><em>\u00ab&nbsp;<strong>le salut du monde ayant commenc\u00e9 par l&rsquo;Ave Maria, le salut de chacun en particulier \u00e9tait attach\u00e9 \u00e0 cette pri\u00e8re<\/strong>; que c&rsquo;est cette pri\u00e8re qui a fait porter \u00e0 la terre s\u00e8che et st\u00e9rile le fruit de vie, et que c&rsquo;est cette m\u00eame pri\u00e8re, bien dite, qui doit faire germer en nos \u00e2mes la parole de Dieu et porter le fruit de vie, J\u00e9sus-Christ; que l&rsquo;Ave Maria est une ros\u00e9e c\u00e9leste qui arrose la terre&nbsp;\u00bb <\/em>(Saint Louis-Marie Grignion de Montfort, Trait\u00e9 de la Vraie D\u00e9votion n\u00b0249)<\/p>\n\n\n\n<p><em>\u00ab&nbsp; \u2013 <strong>Vous avez vu l\u2019enfer o\u00f9 vont les \u00e2mes des pauvres p\u00e9cheurs<\/strong>. <strong>Afin de les sauver, Dieu veut \u00e9tablir dans le monde la d\u00e9votion \u00e0 mon C\u0153ur Immacul\u00e9.<\/strong> Si vous faites ce que je vous dis, beaucoup d\u2019\u00e2mes seront sauv\u00e9es et vous aurez la paix. La guerre va se terminer. Mais, si on ne cesse d\u2019offenser Dieu, sous le r\u00e8gne de Pie XI, il en commencera une autre, pire encore [ce sera la 2<sup>nde<\/sup> guerre mondiale].<\/em><br><em>&nbsp;&nbsp;&nbsp;&nbsp;&nbsp;&nbsp;&nbsp;&nbsp; Lorsque vous verrez une nuit \u00e9clair\u00e9e par une lumi\u00e8re inconnue [aurore bor\u00e9ale de la nuit du 25 au 26 janvier 1938], sachez que c\u2019est le grand signe que Dieu vous donne, qu\u2019Il va punir le monde de ses crimes, par le moyen de la guerre, de la famine et de pers\u00e9cutions contre l\u2019\u00c9glise et le Saint-P\u00e8re.<\/em> <br><em>&nbsp;&nbsp;&nbsp;&nbsp;&nbsp;&nbsp;&nbsp;&nbsp; <strong>Afin de l\u2019emp\u00eacher<\/strong>, <strong>je viendrai demander la cons\u00e9cration de la Russie \u00e0 mon C\u0153ur Immacul\u00e9 <\/strong>[13 juin 1929]<strong> et<\/strong> <strong>la Communion r\u00e9paratrice des premiers samedis <\/strong>[10 d\u00e9cembre 1925-13 juin 1927].Si l\u2019on r\u00e9pond \u00e0 mes demandes, la Russie se convertira et on aura la paix. Sinon, elle r\u00e9pandra ses erreurs \u00e0 travers le monde, provoquant des guerres et des pers\u00e9cutions contre l\u2019\u00c9glise. Les bons seront martyris\u00e9s, le Saint-P\u00e8re aura beaucoup \u00e0 souffrir, plusieurs nations seront an\u00e9anties.<\/em><br><em> &nbsp;&nbsp;&nbsp;&nbsp;&nbsp;&nbsp;&nbsp;&nbsp; <strong>A la fin, mon C\u0153ur Immacul\u00e9 triomphera.<\/strong> Le Saint-P\u00e8re me consacrera la Russie, qui se convertira, et il sera accord\u00e9 au monde un certain temps de paix. Au Portugal se conservera toujours le dogme de la foi&nbsp;\u00bb<\/em> (Marie \u00e0 Fatima, 13 juillet 1917)<\/p>\n\n\n\n<p>     <em>\u00ab&nbsp;Vois, ma fille, mon c\u0153ur entour\u00e9 d\u2019\u00e9pines que les hommes ingrats y enfoncent \u00e0 chaque instant par leurs blasph\u00e8mes et leurs ingratitudes. Toi, au moins, t\u00e2che de me consoler et dis qu\u2019\u00e0 tous ceux qui pendant cinq mois, le premier samedi, se confesseront, recevront la Sainte Communion, r\u00e9citeront un chapelet, et passeront quinze minutes avec moi en m\u00e9ditant sur les quinze myst\u00e8res du Rosaire, en esprit de r\u00e9paration, je promets de les assister \u00e0 l\u2019heure de la mort avec toutes les gr\u00e2ces n\u00e9cessaires pour le salut de leur \u00e2me&nbsp;\u00bb<\/em> (Marie \u00e0  Lucie le 10 d\u00e9cembre 1925)<\/p>\n\n\n\n<p><em>\u00ab&nbsp;Ma fille, \u00e9crit ce qu\u2019on te demande&nbsp;; et tout ce que t\u2019a r\u00e9v\u00e9l\u00e9 la Tr\u00e8s Sainte Vierge dans l\u2019apparition ou elle a parl\u00e9 de cette d\u00e9votion, \u00e9crit-le aussi. [\u2026]\u00a0\u00bb <\/em><br>\u00ab\u00a0<em>J\u00e9sus veut se servir de toi pour Me faire conna\u00eetre et aimer. Il veut \u00e9tablir dans le monde la d\u00e9votion \u00e0 mon C\u0153ur Immacul\u00e9. A qui embrassera cette d\u00e9votion, je promets le salut, ces \u00e2mes seront ch\u00e9ries de Dieu, comme des fleurs plac\u00e9es par Moi pour orner Son tr\u00f4ne&nbsp;\u00bb<\/em> (17 d\u00e9cembre 1927, J\u00e9sus puis Marie \u00e0 Lucie)<\/p>\n\n\n\n<p>\u00ab\u00a0<em>CONS\u00c9CRATION DE SOI-M\u00caME \u00c0 J\u00c9SUS-CHRIST LA SAGESSE INCARN\u00c9E<\/em> <em>PAR LES MAINS DE MARIE<\/em><br><strong><em>Moi, N\u2026, p\u00e9cheur infid\u00e8le, je renouvelle et ratifie aujourd&rsquo;hui, entre vos mains, les v\u0153ux de mon Bapt\u00eame :<\/em><\/strong><br><strong><em>Je renonce pour jamais \u00e0 Satan, \u00e0 ses pompes et \u00e0 ses \u0153uvres,<\/em><\/strong><br><strong><em>Et je me donne tout entier \u00e0 J\u00e9sus-Christ, la Sagesse incarn\u00e9e, pour porter ma croix \u00e0 sa suite tous les jours de ma vie, et afin que je lui sois plus fid\u00e8le que je n&rsquo;ai \u00e9t\u00e9 jusqu&rsquo;ici.<\/em><\/strong><br><strong><em>Je vous choisis aujourd&rsquo;hui, en pr\u00e9sence de toute la cour c\u00e9leste, pour ma M\u00e8re et [ma Reine]. Je vous livre et consacre, en [toute soumission et amour], mon corps et mon \u00e2me, mes biens int\u00e9rieurs et ext\u00e9rieurs, et la valeur m\u00eame de mes bonnes actions pass\u00e9es, pr\u00e9sentes et futures, vous laissant un entier et plein droit de disposer de moi et de tout ce qui m&rsquo;appartient, sans exception, selon votre bon plaisir, \u00e0 la plus grande gloire de Dieu, dans le temps et l&rsquo;\u00e9ternit\u00e9.<\/em><\/strong>\u00a0\u00bb (Saint Louis-Marie Grignion de Montfort)<\/p>\n\n\n\n<p><em>\u00ab&nbsp;Si donc nous \u00e9tablissons la solide d\u00e9votion de la Tr\u00e8s Sainte Vierge, ce n&rsquo;est que pour \u00e9tablir plus parfaitement celle de J\u00e9sus-Christ, <strong>ce n&rsquo;est que pour donner un moyen ais\u00e9 et assur\u00e9 pour trouver J\u00e9sus-Christ<\/strong>. Si la d\u00e9votion \u00e0 la Sainte Vierge \u00e9loignait de J\u00e9sus-Christ, il faudrait la rejeter comme une illusion du diable; mais tant s&rsquo;en faut qu&rsquo;au contraire, comme j&rsquo;ai d\u00e9j\u00e0 fait voir et ferai voir encore ci-apr\u00e8s: cette d\u00e9votion ne nous est n\u00e9cessaire que pour trouver J\u00e9sus-Christ parfaitement et l&rsquo;aimer tendrement et le servir fid\u00e8lement.&nbsp;\u00bb<\/em> (Trait\u00e9 de la Vraie D\u00e9votion n\u00b062)<\/p>\n\n\n\n<p>Vatican II, <em>Lumen Gentium <\/em>n\u00b062 : <em>\u00ab Aucune cr\u00e9ature en effet ne peut jamais \u00eatre mise sur le m\u00eame pied que le Verbe incarn\u00e9 et r\u00e9dempteur. Mais tout comme le sacerdoce du Christ est particip\u00e9 sous des formes diverses, tant par les ministres que par le peuple fid\u00e8le, et tout comme l&rsquo;unique bont\u00e9 de Dieu se r\u00e9pand r\u00e9ellement sous des formes diverses dans les cr\u00e9atures, <strong>ainsi l&rsquo;unique m\u00e9diation du R\u00e9dempteur n&rsquo;exclut pas, mais suscite au contraire une coop\u00e9ration vari\u00e9e de la part des cr\u00e9atures, en d\u00e9pendance de l&rsquo;unique source<\/strong>\u00bb.<\/em><br><em>\u00ab&nbsp;C&rsquo;est pourquoi la bienheureuse Vierge est invoqu\u00e9e dans l&rsquo;Eglise sous les titres d&rsquo;avocate, d&rsquo;auxiliatrice, de secourable, de m\u00e9diatrice.&nbsp;\u00bb<\/em><\/p>\n\n\n\n<p><em>\u00ab&nbsp;Vous ne pensez jamais \u00e0 Marie, que Marie, en votre place, ne pense \u00e0 Dieu; vous ne louez ni n&rsquo;honorez jamais Marie, que Marie avec vous ne loue et n&rsquo;honore Dieu. Marie est toute relative \u00e0 Dieu, et je l&rsquo;appellerais fort bien la relation de Dieu, qui n&rsquo;est que par rapport \u00e0 Dieu, ou l&rsquo;\u00e9cho de Dieu, qui ne dit et ne r\u00e9p\u00e8te que Dieu. <strong>Si vous dites Marie, elle dit Dieu.<\/strong> Sainte Elisabeth loua Marie et l&rsquo;appela bienheureuse de ce qu&rsquo;elle avait cru; Marie, l&rsquo;\u00e9cho fid\u00e8le de Dieu, entonna&nbsp;: \u00ab&nbsp;Magnificat anima mea Dominum: Mon \u00e2me glorifie le Seigneur&nbsp;\u00bb. Ce que Marie a fait en cette occasion, elle le fait tous les jours&nbsp;; quand on la loue, [qu\u2019]on l&rsquo;aime, [qu\u2019]on l&rsquo;honore ou [qu\u2019]on lui donne, Dieu est lou\u00e9, Dieu est aim\u00e9, Dieu est honor\u00e9, on donne \u00e0 Dieu par Marie et en Marie.&nbsp;\u00bb<\/em> (Vraie D\u00e9votion n\u00b0225)<\/p>\n\n\n\n<p><em>\u00ab&nbsp;Toute notre perfection consistant \u00e0 \u00eatre conformes, unis et consacr\u00e9s \u00e0 J\u00e9sus-Christ, la plus parfaite de toutes les d\u00e9votions est sans difficult\u00e9 celle qui nous conforme, unit et consacre le plus parfaitement \u00e0 J\u00e9sus-Christ. Or, Marie \u00e9tant la plus conforme \u00e0 J\u00e9sus-Christ de toutes les cr\u00e9atures, il s&rsquo;ensuit que, de toutes les d\u00e9votions, celle qui consacre et conforme le plus une \u00e2me \u00e0 Notre-Seigneur, est la d\u00e9votion \u00e0 la Tr\u00e8s Sainte Vierge, sa sainte M\u00e8re, et que <strong>plus une \u00e2me sera consacr\u00e9e \u00e0 Marie, plus elle le sera \u00e0 J\u00e9sus-Christ<\/strong>.<\/em><br><em>C&rsquo;est pourquoi la parfaite cons\u00e9cration \u00e0 J\u00e9sus-Christ n&rsquo;est autre chose qu&rsquo;une parfaite et enti\u00e8re cons\u00e9cration de soi-m\u00eame \u00e0 la Tr\u00e8s Sainte Vierge, qui est la d\u00e9votion que j&rsquo;enseigne; ou autrement une <strong>parfaite r\u00e9novation des v\u0153ux et promesses du saint bapt\u00eame<\/strong>.&nbsp;\u00bb<\/em> (Vraie D\u00e9votion n\u00b0120)<\/p>\n","protected":false},"excerpt":{"rendered":"<p>Lorsque l&rsquo;on parle de pri\u00e8re, vient la question de la pri\u00e8re adress\u00e9e \u00e0 la Vierge Marie. Peut-on prier la Sainte Vierge si l&rsquo;objet de la pri\u00e8re est Dieu? Oui! Parce que Marie ne remplace pas J\u00e9sus, elle nous aide \u00e0 aller vers lui. Un enfant n&rsquo;est-il pas mieux sur les genoux de sa Maman pour&hellip; <a class=\"more-link\" href=\"https:\/\/apprendreaprier.net\/blog-priere\/2021\/04\/comment-prier-marie\/\">Poursuivre la lecture <span class=\"screen-reader-text\">Comment prier Marie?<\/span><\/a><\/p>\n","protected":false},"author":1,"featured_media":0,"comment_status":"closed","ping_status":"closed","sticky":false,"template":"","format":"video","meta":{"_jetpack_memberships_contains_paid_content":false,"footnotes":""},"categories":[5,7],"tags":[80,93,13],"class_list":["post-95","post","type-post","status-publish","format-video","hentry","category-enseignement-video","category-priere","tag-fatima","tag-grignion","tag-marie","post_format-post-format-video","entry"],"jetpack_featured_media_url":"","jetpack_sharing_enabled":true,"_links":{"self":[{"href":"https:\/\/apprendreaprier.net\/blog-priere\/wp-json\/wp\/v2\/posts\/95","targetHints":{"allow":["GET"]}}],"collection":[{"href":"https:\/\/apprendreaprier.net\/blog-priere\/wp-json\/wp\/v2\/posts"}],"about":[{"href":"https:\/\/apprendreaprier.net\/blog-priere\/wp-json\/wp\/v2\/types\/post"}],"author":[{"embeddable":true,"href":"https:\/\/apprendreaprier.net\/blog-priere\/wp-json\/wp\/v2\/users\/1"}],"replies":[{"embeddable":true,"href":"https:\/\/apprendreaprier.net\/blog-priere\/wp-json\/wp\/v2\/comments?post=95"}],"version-history":[{"count":7,"href":"https:\/\/apprendreaprier.net\/blog-priere\/wp-json\/wp\/v2\/posts\/95\/revisions"}],"predecessor-version":[{"id":430,"href":"https:\/\/apprendreaprier.net\/blog-priere\/wp-json\/wp\/v2\/posts\/95\/revisions\/430"}],"wp:attachment":[{"href":"https:\/\/apprendreaprier.net\/blog-priere\/wp-json\/wp\/v2\/media?parent=95"}],"wp:term":[{"taxonomy":"category","embeddable":true,"href":"https:\/\/apprendreaprier.net\/blog-priere\/wp-json\/wp\/v2\/categories?post=95"},{"taxonomy":"post_tag","embeddable":true,"href":"https:\/\/apprendreaprier.net\/blog-priere\/wp-json\/wp\/v2\/tags?post=95"}],"curies":[{"name":"wp","href":"https:\/\/api.w.org\/{rel}","templated":true}]}}