{"id":802,"date":"2026-01-11T08:36:05","date_gmt":"2026-01-11T08:36:05","guid":{"rendered":"https:\/\/apprendreaprier.net\/blog-priere\/?p=802"},"modified":"2026-03-06T14:11:17","modified_gmt":"2026-03-06T14:11:17","slug":"ecole-de-priere-2026","status":"publish","type":"post","link":"https:\/\/apprendreaprier.net\/blog-priere\/2026\/01\/ecole-de-priere-2026\/","title":{"rendered":"\u00c9cole de pri\u00e8re 2026"},"content":{"rendered":"\n<p>Voici un nouveau parcours pour apprendre \u00e0 prier ! Il a \u00e9t\u00e9 donn\u00e9 dans une paroisse parisienne (Saint-Pierre du Gros Caillou). L&rsquo;objectif est de donner des conseils pratiques pour que chacun puisse prier de fa\u00e7on autonome et que la pri\u00e8re soit un vrai \u00ab\u00a0<em><strong>\u00e9change d&rsquo;amiti\u00e9 <\/strong>o\u00f9 l&rsquo;on s&rsquo;entretient souvent seul \u00e0 seul <strong>avec Dieu dont on se sait aim\u00e9<\/strong><\/em>\u00ab\u00a0, pour reprendre les mots de sainte Th\u00e9r\u00e8se d&rsquo;Avila.<\/p>\n\n\n\n<p>&#8211;&gt; <a href=\"https:\/\/open.spotify.com\/show\/2poMh5ccNJVpMKgE3PQmWG\">\u00e9coutez ces enseignements en <strong>podcast<\/strong> sur spotify : <img decoding=\"async\" src=\"https:\/\/upload.wikimedia.org\/wikipedia\/commons\/8\/84\/Spotify_icon.svg\" alt=\"\u00c9couter sur Spotify\" width=\"20\"><\/a><\/p>\n\n\n\n<h2 class=\"wp-block-heading\">1<sup>er<\/sup> enseignement&nbsp;: <strong>Suis-je vraiment convaincu que Dieu m\u2019aime&nbsp;?<\/strong><\/h2>\n\n\n\n<p>Premier enseignement de l&rsquo;\u00c9cole de Pri\u00e8re 2026. D\u00e9couvrez la profondeur de l&rsquo;amour unique et inconditionnel de Dieu pour vous, \u00e0 travers la Bible, les saints (Th\u00e9r\u00e8se de Lisieux, M\u00e8re Teresa, Claude La Colombi\u00e8re) et une pri\u00e8re qui transforme le coeur.<\/p>\n\n\n\n<figure class=\"wp-block-embed is-type-video is-provider-youtube wp-block-embed-youtube wp-embed-aspect-16-9 wp-has-aspect-ratio\"><div class=\"wp-block-embed__wrapper\">\n<iframe loading=\"lazy\" title=\"Suis-je CONVAINCU que DIEU M&#039;AIME ? - \u00c9cole pri\u00e8re topo 1 \ud83d\udc97\u271d\ufe0f\ud83d\ude0a\ud83d\ude4f\" width=\"750\" height=\"422\" src=\"https:\/\/www.youtube.com\/embed\/Nc4q5STBXjc?feature=oembed\" frameborder=\"0\" allow=\"accelerometer; autoplay; clipboard-write; encrypted-media; gyroscope; picture-in-picture; web-share\" referrerpolicy=\"strict-origin-when-cross-origin\" allowfullscreen><\/iframe>\n<\/div><\/figure>\n\n\n\n<p>Feuille de route : <a href=\"https:\/\/apprendreaprier.net\/ressources\/ecole-priere-2026\/1-FR.pdf\">https:\/\/apprendreaprier.net\/ressources\/ecole-priere-2026\/1-FR.pdf<\/a><\/p>\n\n\n\n<h2 class=\"wp-block-heading\">2<sup>e<\/sup> enseignement&nbsp;: <strong>Comment se recueillir sans \u00eatre distrait&nbsp;?<\/strong><\/h2>\n\n\n\n<p>Dans ce deuxi\u00e8me enseignement de l&rsquo;\u00c9cole de pri\u00e8re 2026, d\u00e9couvrez comment se recueillir sans distraction, inspir\u00e9 de sainte Th\u00e9r\u00e8se d&rsquo;Avila. Apprenez \u00e0 utiliser votre corps et votre \u00e2me pour vous recentrer sur Dieu : position, silence, imagination de J\u00e9sus pr\u00e9sent, et adaptation \u00e0 votre temp\u00e9rament (affectif ou intellectuel, actif ou passif, etc.).\u200b<\/p>\n\n\n\n<figure class=\"wp-block-embed is-type-video is-provider-youtube wp-block-embed-youtube wp-embed-aspect-16-9 wp-has-aspect-ratio\"><div class=\"wp-block-embed__wrapper\">\n<iframe loading=\"lazy\" title=\"Comment se recueillir sans distraction ? - \u00c9cole pri\u00e8re topo 2 \ud83d\ude4f\ud83d\ude4f\ud83d\ude4f\" width=\"750\" height=\"422\" src=\"https:\/\/www.youtube.com\/embed\/r04OnvjFDm8?feature=oembed\" frameborder=\"0\" allow=\"accelerometer; autoplay; clipboard-write; encrypted-media; gyroscope; picture-in-picture; web-share\" referrerpolicy=\"strict-origin-when-cross-origin\" allowfullscreen><\/iframe>\n<\/div><\/figure>\n\n\n\n<p>Feuille de route : <a href=\"https:\/\/apprendreaprier.net\/ressources\/ecole-priere-2026\/2-FR.pdf\">https:\/\/apprendreaprier.net\/ressources\/ecole-priere-2026\/2-FR.pdf<\/a><\/p>\n\n\n\n<h2 class=\"wp-block-heading\">3<sup>e<\/sup> enseignement&nbsp;: <strong>Comment prier concr\u00e8tement avec l\u2019\u00c9vangile&nbsp;?<\/strong><\/h2>\n\n\n\n<p>Troisi\u00e8me enseignement de l\u2019\u00c9cole de Pri\u00e8re 2026. D\u00e9couvrez des mani\u00e8res concr\u00e8tes de prier au quotidien et d\u2019entrer dans une v\u00e9ritable amiti\u00e9 avec J\u00e9sus, en particulier en m\u00e9ditant l\u2019\u00c9vangile.<\/p>\n\n\n\n<figure class=\"wp-block-embed is-type-video is-provider-youtube wp-block-embed-youtube wp-embed-aspect-16-9 wp-has-aspect-ratio\"><div class=\"wp-block-embed__wrapper\">\n<iframe loading=\"lazy\" title=\"Comment PRIER avec l&#039;EVANGILE - \u00c9cole de pri\u00e8re topo 3 \ud83d\ude4f\ud83d\udcd6\u271d\ufe0f\" width=\"750\" height=\"422\" src=\"https:\/\/www.youtube.com\/embed\/F_7mI3fF8mI?feature=oembed\" frameborder=\"0\" allow=\"accelerometer; autoplay; clipboard-write; encrypted-media; gyroscope; picture-in-picture; web-share\" referrerpolicy=\"strict-origin-when-cross-origin\" allowfullscreen><\/iframe>\n<\/div><\/figure>\n\n\n\n<p>Feuille de route : <a href=\"https:\/\/apprendreaprier.net\/ressources\/ecole-priere-2026\/3-FR.pdf\">https:\/\/apprendreaprier.net\/ressources\/ecole-priere-2026\/3-FR.pdf<\/a><\/p>\n\n\n\n<h2 class=\"wp-block-heading\">4<sup>e<\/sup> enseignement&nbsp;: <strong>Comment traverser les difficult\u00e9s de la pri\u00e8re&nbsp;?<\/strong><\/h2>\n\n\n\n<p>Quatri\u00e8me enseignement de l&rsquo;\u00c9cole de Pri\u00e8re 2026. D\u00e9couvrez comment comprendre et traverser la s\u00e9cheresse spirituelle, ce moment d\u00e9stabilisant o\u00f9 l&rsquo;on ne sent plus rien dans la pri\u00e8re. Apprenez \u00e0 distinguer ressenti et action de Dieu, et \u00e0 progresser de la m\u00e9ditation \u00e0 la contemplation pour approfondir votre amiti\u00e9 avec J\u00e9sus.<\/p>\n\n\n\n<figure class=\"wp-block-embed is-type-video is-provider-youtube wp-block-embed-youtube wp-embed-aspect-16-9 wp-has-aspect-ratio\"><div class=\"wp-block-embed__wrapper\">\n<iframe loading=\"lazy\" title=\"Comment TRAVERSER les DIFFICULT\u00c9S de la PRI\u00c8RE - \u00c9cole de pri\u00e8re topo 4 \ud83d\ude4f\ud83d\udcaa\ud83c\udf19\" width=\"750\" height=\"422\" src=\"https:\/\/www.youtube.com\/embed\/gqxAm7uk8Oo?feature=oembed\" frameborder=\"0\" allow=\"accelerometer; autoplay; clipboard-write; encrypted-media; gyroscope; picture-in-picture; web-share\" referrerpolicy=\"strict-origin-when-cross-origin\" allowfullscreen><\/iframe>\n<\/div><\/figure>\n\n\n\n<p>\ud83d\udcd6 Feuille de route officielle : <a href=\"https:\/\/apprendreaprier.net\/ressources\/ecole-priere-2026\/4-FR.pdf\">https:\/\/apprendreaprier.net\/ressources\/ecole-priere-2026\/4-FR.pdf<\/a><\/p>\n\n\n\n<h2 class=\"wp-block-heading\">5<sup>e<\/sup> enseignement&nbsp;: <strong>Quelles sont les grandes \u00e9tapes de la vie spirituelle&nbsp;?<\/strong><\/h2>\n\n\n\n<p>La saintet\u00e9 est-elle pour moi ou juste pour les \u00ab\u00a0grands saints\u00a0\u00bb ? Dans ce 5e enseignement, nous retra\u00e7ons l&rsquo;itin\u00e9raire spirituel complet : selon les \u00ab\u00a07 Demeures\u00a0\u00bb de Sainte Th\u00e9r\u00e8se d&rsquo;Avila. Comment passer de la vie chr\u00e9tienne \u00ab\u00a0normale\u00a0\u00bb \u00e0 un don total de soi ?<\/p>\n\n\n\n<figure class=\"wp-block-embed is-type-video is-provider-youtube wp-block-embed-youtube wp-embed-aspect-16-9 wp-has-aspect-ratio\"><div class=\"wp-block-embed__wrapper\">\n<iframe loading=\"lazy\" title=\"Les 7 \u00e9tapes de la vie spirituelle - \u00c9cole pri\u00e8re topo 5 \u2197\ufe0f\ud83d\ude4f\u271d\ufe0f\" width=\"750\" height=\"422\" src=\"https:\/\/www.youtube.com\/embed\/A5JChJd6X4w?feature=oembed\" frameborder=\"0\" allow=\"accelerometer; autoplay; clipboard-write; encrypted-media; gyroscope; picture-in-picture; web-share\" referrerpolicy=\"strict-origin-when-cross-origin\" allowfullscreen><\/iframe>\n<\/div><\/figure>\n\n\n\n<p>\ud83d\udcd6 Feuille de route : <a href=\"https:\/\/apprendreaprier.net\/ressources\/ecole-priere-2026\/5-FR.pdf\">https:\/\/apprendreaprier.net\/ressources\/ecole-priere-2026\/5-FR.pdf<\/a><\/p>\n\n\n\n<h2 class=\"wp-block-heading\">6<sup>e<\/sup> enseignement&nbsp;: <strong>La pri\u00e8re liturgique (messe et offices) et l\u2019adoration<\/strong><\/h2>\n\n\n\n<p>COMMENT VIVRE LA MESSE ET LA LITURGIE COMME UNE RENCONTRE ?<br>La liturgie est-elle une simple r\u00e9p\u00e9tition de rites ou un v\u00e9ritable \u00ab\u00a0c\u0153ur \u00e0 c\u0153ur\u00a0\u00bb avec Dieu ? Dans ce 6e enseignement, nous d\u00e9couvrons la pri\u00e8re liturgique (messe, offices, adoration) comme \u00ab\u00a0source et sommet\u00a0\u00bb de la vie chr\u00e9tienne. Comment passer d&rsquo;une pr\u00e9sence passive \u00e0 une participation active et fructueuse ?<\/p>\n\n\n\n<figure class=\"wp-block-embed is-type-video is-provider-youtube wp-block-embed-youtube wp-embed-aspect-16-9 wp-has-aspect-ratio\"><div class=\"wp-block-embed__wrapper\">\n<iframe loading=\"lazy\" title=\"Comment vivre la pri\u00e8re liturgique? - \u00c9cole pri\u00e8re topo 6 \u26ea\ud83d\ude4f\u271d\ufe0f\" width=\"750\" height=\"422\" src=\"https:\/\/www.youtube.com\/embed\/5VhtWyZIfWI?feature=oembed\" frameborder=\"0\" allow=\"accelerometer; autoplay; clipboard-write; encrypted-media; gyroscope; picture-in-picture; web-share\" referrerpolicy=\"strict-origin-when-cross-origin\" allowfullscreen><\/iframe>\n<\/div><\/figure>\n\n\n\n<p>\ud83d\udcd6 Feuille de route : <a href=\"https:\/\/apprendreaprier.net\/ressources\/ecole-priere-2026\/6-FR.pdf\">https:\/\/apprendreaprier.net\/ressources\/ecole-priere-2026\/6-FR.pdf<\/a><\/p>\n\n\n\n<h2 class=\"wp-block-heading\">7<sup>e<\/sup> enseignement&nbsp;: <strong>\u00c9couter l\u2019Esprit Saint<\/strong><\/h2>\n\n\n\n<p>Septi\u00e8me enseignement de l&rsquo;\u00c9cole de Pri\u00e8re 2026. L&rsquo;Esprit Saint est souvent le \u00ab\u00a0grand inconnu\u00a0\u00bb de notre pri\u00e8re. Pourtant, il est une personne divine qui veut nous parler et nous conduire. D\u00e9couvrez comment rep\u00e9rer sa voix et apprendre \u00e0 discerner selon les conseils de Saint Ignace.<\/p>\n\n\n\n<figure class=\"wp-block-embed is-type-video is-provider-youtube wp-block-embed-youtube wp-embed-aspect-16-9 wp-has-aspect-ratio\"><div class=\"wp-block-embed__wrapper\">\n<iframe loading=\"lazy\" title=\"COMMENT \u00c9COUTER L&#039;ESPRIT SAINT ? - \u00c9cole de pri\u00e8re topo 7 \ud83d\udd25\ud83d\ude4f\ud83c\udfa7\" width=\"750\" height=\"422\" src=\"https:\/\/www.youtube.com\/embed\/vL42HyeIzzg?feature=oembed\" frameborder=\"0\" allow=\"accelerometer; autoplay; clipboard-write; encrypted-media; gyroscope; picture-in-picture; web-share\" referrerpolicy=\"strict-origin-when-cross-origin\" allowfullscreen><\/iframe>\n<\/div><\/figure>\n\n\n\n<p>\ud83d\udcd6 Feuille de route : <a href=\"https:\/\/apprendreaprier.net\/ressources\/ecole-priere-2026\/7-FR.pdf\">https:\/\/apprendreaprier.net\/ressources\/ecole-priere-2026\/7-FR.pdf<\/a><\/p>\n\n\n\n<h2 class=\"wp-block-heading\">8<sup>e<\/sup> enseignement&nbsp;: <strong>Vivre dans la louange avec l\u2019Esprit Saint<\/strong><\/h2>\n\n\n\n<p>Huiti\u00e8me et dernier enseignement de l&rsquo;\u00c9cole de Pri\u00e8re 2026. Au Ciel, il n&rsquo;y aura plus de foi, plus de sacrements, plus d&rsquo;intercession\u2026 Que restera-t-il ? La Louange ! D\u00e9couvrez pourquoi la louange n&rsquo;est pas juste \u00ab\u00a0chanter des cantiques\u00a0\u00bb, mais une arme spirituelle puissante, une posture proph\u00e9tique de victoire et une entr\u00e9e directe dans la vie de la Trinit\u00e9.<\/p>\n\n\n\n<figure class=\"wp-block-embed is-type-video is-provider-youtube wp-block-embed-youtube wp-embed-aspect-16-9 wp-has-aspect-ratio\"><div class=\"wp-block-embed__wrapper\">\n<iframe loading=\"lazy\" title=\"Vivre la LOUANGE avec l&#039;ESPRIT SAINT - \u00c9cole de pri\u00e8re topo 8 (Final) \ud83d\ude4c\ud83d\ude4f\ud83d\ude0a\" width=\"750\" height=\"422\" src=\"https:\/\/www.youtube.com\/embed\/J8reW1FEeJo?feature=oembed\" frameborder=\"0\" allow=\"accelerometer; autoplay; clipboard-write; encrypted-media; gyroscope; picture-in-picture; web-share\" referrerpolicy=\"strict-origin-when-cross-origin\" allowfullscreen><\/iframe>\n<\/div><\/figure>\n\n\n\n<p>\ud83d\udcd6 Feuille de route : <a href=\"https:\/\/apprendreaprier.net\/ressources\/ecole-priere-2026\/8-FR.pdf\">https:\/\/apprendreaprier.net\/ressources\/ecole-priere-2026\/8-FR.pdf<\/a><\/p>\n","protected":false},"excerpt":{"rendered":"<p>Voici un nouveau parcours pour apprendre \u00e0 prier ! Il a \u00e9t\u00e9 donn\u00e9 dans une paroisse parisienne (Saint-Pierre du Gros Caillou). L&rsquo;objectif est de donner des conseils pratiques pour que chacun puisse prier de fa\u00e7on autonome et que la pri\u00e8re soit un vrai \u00ab\u00a0\u00e9change d&rsquo;amiti\u00e9 o\u00f9 l&rsquo;on s&rsquo;entretient souvent seul \u00e0 seul avec Dieu dont&hellip; <a class=\"more-link\" href=\"https:\/\/apprendreaprier.net\/blog-priere\/2026\/01\/ecole-de-priere-2026\/\">Poursuivre la lecture <span class=\"screen-reader-text\">\u00c9cole de pri\u00e8re 2026<\/span><\/a><\/p>\n","protected":false},"author":1,"featured_media":0,"comment_status":"closed","ping_status":"closed","sticky":false,"template":"","format":"standard","meta":{"_jetpack_memberships_contains_paid_content":false,"footnotes":""},"categories":[5,7],"tags":[101,228,74,25,55,26],"class_list":["post-802","post","type-post","status-publish","format-standard","hentry","category-enseignement-video","category-priere","tag-apprendre-a-prier","tag-ecole-de-priere","tag-esprit-saint","tag-oraison","tag-prier","tag-priere","entry"],"jetpack_featured_media_url":"","jetpack_sharing_enabled":true,"_links":{"self":[{"href":"https:\/\/apprendreaprier.net\/blog-priere\/wp-json\/wp\/v2\/posts\/802","targetHints":{"allow":["GET"]}}],"collection":[{"href":"https:\/\/apprendreaprier.net\/blog-priere\/wp-json\/wp\/v2\/posts"}],"about":[{"href":"https:\/\/apprendreaprier.net\/blog-priere\/wp-json\/wp\/v2\/types\/post"}],"author":[{"embeddable":true,"href":"https:\/\/apprendreaprier.net\/blog-priere\/wp-json\/wp\/v2\/users\/1"}],"replies":[{"embeddable":true,"href":"https:\/\/apprendreaprier.net\/blog-priere\/wp-json\/wp\/v2\/comments?post=802"}],"version-history":[{"count":14,"href":"https:\/\/apprendreaprier.net\/blog-priere\/wp-json\/wp\/v2\/posts\/802\/revisions"}],"predecessor-version":[{"id":829,"href":"https:\/\/apprendreaprier.net\/blog-priere\/wp-json\/wp\/v2\/posts\/802\/revisions\/829"}],"wp:attachment":[{"href":"https:\/\/apprendreaprier.net\/blog-priere\/wp-json\/wp\/v2\/media?parent=802"}],"wp:term":[{"taxonomy":"category","embeddable":true,"href":"https:\/\/apprendreaprier.net\/blog-priere\/wp-json\/wp\/v2\/categories?post=802"},{"taxonomy":"post_tag","embeddable":true,"href":"https:\/\/apprendreaprier.net\/blog-priere\/wp-json\/wp\/v2\/tags?post=802"}],"curies":[{"name":"wp","href":"https:\/\/api.w.org\/{rel}","templated":true}]}}