{"id":781,"date":"2025-07-28T09:56:11","date_gmt":"2025-07-28T09:56:11","guid":{"rendered":"https:\/\/apprendreaprier.net\/blog-priere\/?p=781"},"modified":"2025-07-28T10:03:51","modified_gmt":"2025-07-28T10:03:51","slug":"retraite-a-lesprit-saint","status":"publish","type":"post","link":"https:\/\/apprendreaprier.net\/blog-priere\/2025\/07\/retraite-a-lesprit-saint\/","title":{"rendered":"Retraite \u00e0 l&rsquo;Esprit Saint"},"content":{"rendered":"\n<p>Voici une retraite \u00e0 l&rsquo;Esprit Saint, donn\u00e9e au Sacr\u00e9-Coeur de Montmartre pour se pr\u00e9parer notamment \u00e0 la Pentec\u00f4te !<\/p>\n\n\n\n<h2 class=\"wp-block-heading\">0) Introduction \u00e0 la Retraite de Pentec\u00f4te<\/h2>\n\n\n\n<p>Comment faire une retraite? Comment se mettre dans les meilleures dispositions pour se mettre \u00e0 l&rsquo;\u00e9coute du Seigneur? Voici quelques indications pratiques<\/p>\n\n\n\n<figure class=\"wp-block-embed is-type-video is-provider-youtube wp-block-embed-youtube wp-embed-aspect-16-9 wp-has-aspect-ratio\"><div class=\"wp-block-embed__wrapper\">\n<iframe loading=\"lazy\" title=\"Bien commencer une retraite spirituelle - Introduction \u00e0 la Retraite de Pentec\u00f4te\" width=\"750\" height=\"422\" src=\"https:\/\/www.youtube.com\/embed\/DnEMIQmlJBI?feature=oembed\" frameborder=\"0\" allow=\"accelerometer; autoplay; clipboard-write; encrypted-media; gyroscope; picture-in-picture; web-share\" referrerpolicy=\"strict-origin-when-cross-origin\" allowfullscreen><\/iframe>\n<\/div><\/figure>\n\n\n\n<h2 class=\"wp-block-heading\">1) Qui est l&rsquo;Esprit Saint ?<\/h2>\n\n\n\n<p>Qui est le Saint-Esprit ? Il est Dieu ! A l&rsquo;\u00e9gal du P\u00e8re et du Fils. Il est une Personne divine vivante, qui me parle et veut me conduire. Plus encore : il veut que je l&rsquo;aime personnellement !<\/p>\n\n\n\n<figure class=\"wp-block-embed is-type-video is-provider-youtube wp-block-embed-youtube wp-embed-aspect-16-9 wp-has-aspect-ratio\"><div class=\"wp-block-embed__wrapper\">\n<iframe loading=\"lazy\" title=\"Qui est l&#039;Esprit Saint ? \ud83d\udd25\ud83d\udd25\ud83d\udd25 - Retraite de Pentec\u00f4te - enseignement 1\" width=\"750\" height=\"422\" src=\"https:\/\/www.youtube.com\/embed\/hwGHbDcPyZE?feature=oembed\" frameborder=\"0\" allow=\"accelerometer; autoplay; clipboard-write; encrypted-media; gyroscope; picture-in-picture; web-share\" referrerpolicy=\"strict-origin-when-cross-origin\" allowfullscreen><\/iframe>\n<\/div><\/figure>\n\n\n\n<h2 class=\"wp-block-heading\">2) L&rsquo;Esprit Saint au Bapt\u00eame et \u00e0 la Confirmation<\/h2>\n\n\n\n<p>L&rsquo;Esprit Saint agit dans les sacrements. En particulier, nous le recevons au Bapt\u00eame et \u00e0 la Confirmation. Mais \u00e0 la Confirmation, nous recevons le Saint-Esprit d&rsquo;une fa\u00e7on sp\u00e9cifique : pour avoir la force de t\u00e9moigner de J\u00e9sus dans le monde et d&rsquo;accomplir notre mission personnelle. C&rsquo;est l&rsquo;onction de J\u00e9sus \u00e0 son bapt\u00eame, c&rsquo;est la Pentec\u00f4te\u2026<\/p>\n\n\n\n<figure class=\"wp-block-embed is-type-video is-provider-youtube wp-block-embed-youtube wp-embed-aspect-16-9 wp-has-aspect-ratio\"><div class=\"wp-block-embed__wrapper\">\n<iframe loading=\"lazy\" title=\"L&#039;Esprit Saint au Bapt\u00eame et \u00e0 la Confirmation \u26f2\ud83d\udd25 - Retraite de Pentec\u00f4te - enseignement 2\" width=\"750\" height=\"422\" src=\"https:\/\/www.youtube.com\/embed\/hHfTMGRPmR4?feature=oembed\" frameborder=\"0\" allow=\"accelerometer; autoplay; clipboard-write; encrypted-media; gyroscope; picture-in-picture; web-share\" referrerpolicy=\"strict-origin-when-cross-origin\" allowfullscreen><\/iframe>\n<\/div><\/figure>\n\n\n\n<h2 class=\"wp-block-heading\">3) Comment entendre l&rsquo;Esprit Saint?<\/h2>\n\n\n\n<p>L&rsquo;Esprit Saint parle ! (voir Ac 10, 19-20 et Ac 13, 2) Savons-nous l&rsquo;\u00e9couter? Et, surtout, lui ob\u00e9ir? \u00ab\u00a0Ceux qui se laissent conduire par l&rsquo;Esprit de Dieu, ceux-l\u00e0 sont fils de Dieu\u00a0\u00bb (Rm 8, 14)<\/p>\n\n\n\n<figure class=\"wp-block-embed is-type-video is-provider-youtube wp-block-embed-youtube wp-embed-aspect-16-9 wp-has-aspect-ratio\"><div class=\"wp-block-embed__wrapper\">\n<iframe loading=\"lazy\" title=\"Comment entendre l&#039;Esprit Saint? \ud83c\udfa7\ud83d\udd25 - Retraite de Pentec\u00f4te - enseignement 3\" width=\"750\" height=\"422\" src=\"https:\/\/www.youtube.com\/embed\/04mMWpHP-78?feature=oembed\" frameborder=\"0\" allow=\"accelerometer; autoplay; clipboard-write; encrypted-media; gyroscope; picture-in-picture; web-share\" referrerpolicy=\"strict-origin-when-cross-origin\" allowfullscreen><\/iframe>\n<\/div><\/figure>\n\n\n\n<h2 class=\"wp-block-heading\">4) Comment vivre du Saint-Esprit au quotidien ?<\/h2>\n\n\n\n<p>Comment vivre au quotidien avec l&rsquo;Esprit Saint ? Les sacrements, la pri\u00e8re, mais surtout notre ob\u00e9issance \u00e0 ses inspirations sont autant de clefs. Il s&rsquo;agit surtout d&rsquo;avance dans la #foi : Dieu est l\u00e0, m\u00eame si je ne le sens pas !<\/p>\n\n\n\n<figure class=\"wp-block-embed is-type-video is-provider-youtube wp-block-embed-youtube wp-embed-aspect-16-9 wp-has-aspect-ratio\"><div class=\"wp-block-embed__wrapper\">\n<iframe loading=\"lazy\" title=\"Comment vivre du Saint-Esprit au quotidien ? \ud83d\udd25\ud83d\ude4f - Retraite de Pentec\u00f4te - enseignement 4\" width=\"750\" height=\"422\" src=\"https:\/\/www.youtube.com\/embed\/TnVrDdlpZGo?feature=oembed\" frameborder=\"0\" allow=\"accelerometer; autoplay; clipboard-write; encrypted-media; gyroscope; picture-in-picture; web-share\" referrerpolicy=\"strict-origin-when-cross-origin\" allowfullscreen><\/iframe>\n<\/div><\/figure>\n","protected":false},"excerpt":{"rendered":"<p>Voici une retraite \u00e0 l&rsquo;Esprit Saint, donn\u00e9e au Sacr\u00e9-Coeur de Montmartre pour se pr\u00e9parer notamment \u00e0 la Pentec\u00f4te ! 0) Introduction \u00e0 la Retraite de Pentec\u00f4te Comment faire une retraite? Comment se mettre dans les meilleures dispositions pour se mettre \u00e0 l&rsquo;\u00e9coute du Seigneur? Voici quelques indications pratiques 1) Qui est l&rsquo;Esprit Saint ? Qui&hellip; <a class=\"more-link\" href=\"https:\/\/apprendreaprier.net\/blog-priere\/2025\/07\/retraite-a-lesprit-saint\/\">Poursuivre la lecture <span class=\"screen-reader-text\">Retraite \u00e0 l&rsquo;Esprit Saint<\/span><\/a><\/p>\n","protected":false},"author":1,"featured_media":0,"comment_status":"closed","ping_status":"closed","sticky":false,"template":"","format":"standard","meta":{"_jetpack_memberships_contains_paid_content":false,"footnotes":""},"categories":[5,7],"tags":[74,102],"class_list":["post-781","post","type-post","status-publish","format-standard","hentry","category-enseignement-video","category-priere","tag-esprit-saint","tag-saint-esprit","entry"],"jetpack_featured_media_url":"","jetpack_sharing_enabled":true,"_links":{"self":[{"href":"https:\/\/apprendreaprier.net\/blog-priere\/wp-json\/wp\/v2\/posts\/781","targetHints":{"allow":["GET"]}}],"collection":[{"href":"https:\/\/apprendreaprier.net\/blog-priere\/wp-json\/wp\/v2\/posts"}],"about":[{"href":"https:\/\/apprendreaprier.net\/blog-priere\/wp-json\/wp\/v2\/types\/post"}],"author":[{"embeddable":true,"href":"https:\/\/apprendreaprier.net\/blog-priere\/wp-json\/wp\/v2\/users\/1"}],"replies":[{"embeddable":true,"href":"https:\/\/apprendreaprier.net\/blog-priere\/wp-json\/wp\/v2\/comments?post=781"}],"version-history":[{"count":2,"href":"https:\/\/apprendreaprier.net\/blog-priere\/wp-json\/wp\/v2\/posts\/781\/revisions"}],"predecessor-version":[{"id":783,"href":"https:\/\/apprendreaprier.net\/blog-priere\/wp-json\/wp\/v2\/posts\/781\/revisions\/783"}],"wp:attachment":[{"href":"https:\/\/apprendreaprier.net\/blog-priere\/wp-json\/wp\/v2\/media?parent=781"}],"wp:term":[{"taxonomy":"category","embeddable":true,"href":"https:\/\/apprendreaprier.net\/blog-priere\/wp-json\/wp\/v2\/categories?post=781"},{"taxonomy":"post_tag","embeddable":true,"href":"https:\/\/apprendreaprier.net\/blog-priere\/wp-json\/wp\/v2\/tags?post=781"}],"curies":[{"name":"wp","href":"https:\/\/api.w.org\/{rel}","templated":true}]}}