{"id":753,"date":"2025-02-06T23:29:53","date_gmt":"2025-02-06T23:29:53","guid":{"rendered":"https:\/\/apprendreaprier.net\/blog-priere\/?p=753"},"modified":"2025-03-10T18:04:30","modified_gmt":"2025-03-10T18:04:30","slug":"quest-ce-quun-jubile-fondements-bibliques","status":"publish","type":"post","link":"https:\/\/apprendreaprier.net\/blog-priere\/2025\/02\/quest-ce-quun-jubile-fondements-bibliques\/","title":{"rendered":"Qu&rsquo;est-ce qu&rsquo;un Jubil\u00e9? Fondements bibliques"},"content":{"rendered":"\n<p>2025 est une ann\u00e9e sainte, une ann\u00e9e jubilaire ! Qu&rsquo;est-ce donc qu&rsquo;un Jubil\u00e9 ? C&rsquo;est ce que nous allons voir dans cette vid\u00e9o, notamment \u00e0 partir de la Bible. Nous \u00e9voquerons \u00e9galement les diff\u00e9rents jubil\u00e9s \u00e0 travers l&rsquo;histoire jusqu&rsquo;au jubil\u00e9 de 2025, promulgu\u00e9 par le pape Fran\u00e7ois, qui a pour th\u00e8me : \u00ab\u00a0<a href=\"https:\/\/apprendreaprier.net\/blog-priere\/2025\/03\/quest-ce-que-lesperance\/\">P\u00e8lerins de l&rsquo;esp\u00e9rance<\/a>\u00ab\u00a0<\/p>\n\n\n\n<figure class=\"wp-block-embed is-type-video is-provider-youtube wp-block-embed-youtube wp-embed-aspect-16-9 wp-has-aspect-ratio\"><div class=\"wp-block-embed__wrapper\">\n<iframe loading=\"lazy\" title=\"Qu&#039;est-ce qu&#039;un #Jubil\u00e9? Fondements bibliques\" width=\"750\" height=\"422\" src=\"https:\/\/www.youtube.com\/embed\/tlGuJANwenY?feature=oembed\" frameborder=\"0\" allow=\"accelerometer; autoplay; clipboard-write; encrypted-media; gyroscope; picture-in-picture; web-share\" referrerpolicy=\"strict-origin-when-cross-origin\" allowfullscreen><\/iframe>\n<\/div><\/figure>\n","protected":false},"excerpt":{"rendered":"<p>2025 est une ann\u00e9e sainte, une ann\u00e9e jubilaire ! Qu&rsquo;est-ce donc qu&rsquo;un Jubil\u00e9 ? C&rsquo;est ce que nous allons voir dans cette vid\u00e9o, notamment \u00e0 partir de la Bible. Nous \u00e9voquerons \u00e9galement les diff\u00e9rents jubil\u00e9s \u00e0 travers l&rsquo;histoire jusqu&rsquo;au jubil\u00e9 de 2025, promulgu\u00e9 par le pape Fran\u00e7ois, qui a pour th\u00e8me : \u00ab\u00a0P\u00e8lerins de l&rsquo;esp\u00e9rance\u00ab\u00a0<\/p>\n","protected":false},"author":1,"featured_media":0,"comment_status":"closed","ping_status":"closed","sticky":false,"template":"","format":"standard","meta":{"_jetpack_memberships_contains_paid_content":false,"footnotes":""},"categories":[5,8],"tags":[39,220],"class_list":["post-753","post","type-post","status-publish","format-standard","hentry","category-enseignement-video","category-foi","tag-bible","tag-jubile","entry"],"jetpack_featured_media_url":"","jetpack_sharing_enabled":true,"_links":{"self":[{"href":"https:\/\/apprendreaprier.net\/blog-priere\/wp-json\/wp\/v2\/posts\/753","targetHints":{"allow":["GET"]}}],"collection":[{"href":"https:\/\/apprendreaprier.net\/blog-priere\/wp-json\/wp\/v2\/posts"}],"about":[{"href":"https:\/\/apprendreaprier.net\/blog-priere\/wp-json\/wp\/v2\/types\/post"}],"author":[{"embeddable":true,"href":"https:\/\/apprendreaprier.net\/blog-priere\/wp-json\/wp\/v2\/users\/1"}],"replies":[{"embeddable":true,"href":"https:\/\/apprendreaprier.net\/blog-priere\/wp-json\/wp\/v2\/comments?post=753"}],"version-history":[{"count":2,"href":"https:\/\/apprendreaprier.net\/blog-priere\/wp-json\/wp\/v2\/posts\/753\/revisions"}],"predecessor-version":[{"id":771,"href":"https:\/\/apprendreaprier.net\/blog-priere\/wp-json\/wp\/v2\/posts\/753\/revisions\/771"}],"wp:attachment":[{"href":"https:\/\/apprendreaprier.net\/blog-priere\/wp-json\/wp\/v2\/media?parent=753"}],"wp:term":[{"taxonomy":"category","embeddable":true,"href":"https:\/\/apprendreaprier.net\/blog-priere\/wp-json\/wp\/v2\/categories?post=753"},{"taxonomy":"post_tag","embeddable":true,"href":"https:\/\/apprendreaprier.net\/blog-priere\/wp-json\/wp\/v2\/tags?post=753"}],"curies":[{"name":"wp","href":"https:\/\/api.w.org\/{rel}","templated":true}]}}