{"id":710,"date":"2024-02-22T01:31:46","date_gmt":"2024-02-22T01:31:46","guid":{"rendered":"https:\/\/apprendreaprier.net\/blog-priere\/?p=710"},"modified":"2025-02-09T13:59:17","modified_gmt":"2025-02-09T13:59:17","slug":"retraite-pour-decouvrir-lart-de-la-priere","status":"publish","type":"post","link":"https:\/\/apprendreaprier.net\/blog-priere\/2024\/02\/retraite-pour-decouvrir-lart-de-la-priere\/","title":{"rendered":"Retraite pour d\u00e9couvrir l&rsquo;art de la pri\u00e8re"},"content":{"rendered":"\n<p>Cette retraite spirituelle a pour th\u00e8me ce que sainte Th\u00e9r\u00e8se de Lisieux dit de la pri\u00e8re : \u00ab\u00a0La pri\u00e8re, pour moi, c&rsquo;est un \u00e9lan du c\u0153ur\u00a0\u00bb&#8230;<\/p>\n\n\n\n<p><a href=\"https:\/\/open.spotify.com\/show\/6TpnR34dnJ37qaHTOWCUIa\" target=\"_blank\"><i>Sur Spotify : <\/i><img decoding=\"async\" src=\"https:\/\/upload.wikimedia.org\/wikipedia\/commons\/8\/84\/Spotify_icon.svg\" alt=\"\u00c9couter sur Spotify\" width=\"20\"><\/a><\/p>\n\n\n\n<h2 class=\"wp-block-heading\">Introduction : Comment faire une retraite?<\/h2>\n\n\n\n<p>Dans cette introduction \u00e0 cette retraite spirituelle sur le th\u00e8me \u00ab\u00a0La pri\u00e8re, pour moi, c&rsquo;est un \u00e9lan du c\u0153ur\u00a0\u00bb (sainte Th\u00e9r\u00e8se de Lisieux), nous donnons des conseils pour bien aborder un temps de retraite en \u00e9tant centr\u00e9 sur J\u00e9sus.<\/p>\n\n\n\n<figure class=\"wp-block-embed is-type-video is-provider-youtube wp-block-embed-youtube wp-embed-aspect-16-9 wp-has-aspect-ratio\"><div class=\"wp-block-embed__wrapper\">\n<iframe loading=\"lazy\" title=\"Comment faire une retraite? - Retraite spirituelle - introduction\" width=\"750\" height=\"422\" src=\"https:\/\/www.youtube.com\/embed\/j5ZQz6Nv8wY?feature=oembed\" frameborder=\"0\" allow=\"accelerometer; autoplay; clipboard-write; encrypted-media; gyroscope; picture-in-picture; web-share\" referrerpolicy=\"strict-origin-when-cross-origin\" allowfullscreen><\/iframe>\n<\/div><figcaption class=\"wp-element-caption\">Comment faire une retraite fructueuse?<\/figcaption><\/figure>\n\n\n\n<h2 class=\"wp-block-heading\">1er enseignement : Dieu m&rsquo;aime-t-il?<\/h2>\n\n\n\n<p>Dans ce premier enseignement de cette retraite spirituelle sur le th\u00e8me \u00ab\u00a0La pri\u00e8re, pour moi, c&rsquo;est un \u00e9lan du c\u0153ur\u00a0\u00bb (sainte Th\u00e9r\u00e8se de Lisieux), nous soulignons le fondement de toute pri\u00e8re : Dieu m&rsquo;aime! Si nous avons pu entendre cette v\u00e9rit\u00e9 1000 fois, en sommes-nous vraiment convaincus? Nous allons voir comment int\u00e9grer cette r\u00e9alit\u00e9 de l&rsquo;amour de Dieu pour nous, amour unique et inconditionnel, et comment en d\u00e9velopper sa perception.<br>Nous ferons un exercice pratique d&rsquo;\u00e9coute de Dieu gr\u00e2ce \u00e0 une proposition du pasteur David Th\u00e9ry.<\/p>\n\n\n\n<figure class=\"wp-block-embed is-type-video is-provider-youtube wp-block-embed-youtube wp-embed-aspect-16-9 wp-has-aspect-ratio\"><div class=\"wp-block-embed__wrapper\">\n<iframe loading=\"lazy\" title=\"Dieu m&#039;aime-t-il? - Retraite spirituelle - 1er enseignement\" width=\"750\" height=\"422\" src=\"https:\/\/www.youtube.com\/embed\/ERiTO3k_ER4?feature=oembed\" frameborder=\"0\" allow=\"accelerometer; autoplay; clipboard-write; encrypted-media; gyroscope; picture-in-picture; web-share\" referrerpolicy=\"strict-origin-when-cross-origin\" allowfullscreen><\/iframe>\n<\/div><figcaption class=\"wp-element-caption\">Est-ce que je crois vraiment que Dieu m&rsquo;aime? Comment l&rsquo;\u00e9couter?<\/figcaption><\/figure>\n\n\n\n<p>Feuille de route : <a href=\"https:\/\/apprendreaprier.net\/ressources\/retraite1.pdf\" target=\"_blank\" rel=\"noreferrer noopener\">https:\/\/apprendreaprier.net\/ressources\/retraite1.pdf<\/a><\/p>\n\n\n\n<h2 class=\"wp-block-heading\">2e enseignement : Comment se recueillir sans \u00eatre distrait?<\/h2>\n\n\n\n<p>Dans ce deuxi\u00e8me enseignement de cette retraite spirituelle sur le th\u00e8me \u00ab\u00a0La pri\u00e8re, pour moi, c&rsquo;est un \u00e9lan du c\u0153ur\u00a0\u00bb (sainte Th\u00e9r\u00e8se de Lisieux), nous abordons la question des distractions : pourquoi sommes-nous distraits lorsque nous prions? comment vaincre les distractions? Nous verrons l&rsquo;importance de prier avec tout son \u00eatre : corps et \u00e2me, autrement dit l&rsquo;importance du recueillement.<\/p>\n\n\n\n<figure class=\"wp-block-embed is-type-video is-provider-youtube wp-block-embed-youtube wp-embed-aspect-16-9 wp-has-aspect-ratio\"><div class=\"wp-block-embed__wrapper\">\n<iframe loading=\"lazy\" title=\"Comment vaincre les #distractions dans la pri\u00e8re ? - Retraite spirituelle - 2e enseignement\" width=\"750\" height=\"422\" src=\"https:\/\/www.youtube.com\/embed\/Exu1PZKAzuY?feature=oembed\" frameborder=\"0\" allow=\"accelerometer; autoplay; clipboard-write; encrypted-media; gyroscope; picture-in-picture; web-share\" referrerpolicy=\"strict-origin-when-cross-origin\" allowfullscreen><\/iframe>\n<\/div><figcaption class=\"wp-element-caption\">Comment se recueillir sans \u00eatre distrait lorsque l&rsquo;on prie?<\/figcaption><\/figure>\n\n\n\n<p>Feuille de route : <a href=\"https:\/\/apprendreaprier.net\/ressources\/retraite2.pdf\">https:\/\/apprendreaprier.net\/ressources\/retraite2.pdf<\/a><\/p>\n\n\n\n<h2 class=\"wp-block-heading\">3e enseignement : Comment prier avec l\u2019\u00c9vangile?<\/h2>\n\n\n\n<p>Dans le troisi\u00e8me enseignement de cette retraite spirituelle sur le th\u00e8me \u00ab\u00a0La pri\u00e8re, pour moi, c&rsquo;est un \u00e9lan du c\u0153ur\u00a0\u00bb (sainte Th\u00e9r\u00e8se de Lisieux), nous apprenons \u00e0 prier avec un texte d\u2019\u00c9vangile : comment le m\u00e9diter, s&rsquo;imaginer la sc\u00e8ne, se laisser toucher, etc. Nous proposons deux exercices pratiques dans cette vid\u00e9o!<\/p>\n\n\n\n<figure class=\"wp-block-embed is-type-video is-provider-youtube wp-block-embed-youtube wp-embed-aspect-16-9 wp-has-aspect-ratio\"><div class=\"wp-block-embed__wrapper\">\n<iframe loading=\"lazy\" title=\"Comment prier avec l\u2019\u00c9vangile? - Retraite spirituelle - 3e enseignement\" width=\"750\" height=\"422\" src=\"https:\/\/www.youtube.com\/embed\/8nfDV1GDNI0?feature=oembed\" frameborder=\"0\" allow=\"accelerometer; autoplay; clipboard-write; encrypted-media; gyroscope; picture-in-picture; web-share\" referrerpolicy=\"strict-origin-when-cross-origin\" allowfullscreen><\/iframe>\n<\/div><figcaption class=\"wp-element-caption\">Comment prier avec l\u2019\u00c9vangile?<\/figcaption><\/figure>\n\n\n\n<p>Lien pour t\u00e9l\u00e9charger la feuille de route avec les citations : <a href=\"https:\/\/apprendreaprier.net\/ressources\/retraite3.pdf\" target=\"_blank\" rel=\"noreferrer noopener\">https:\/\/apprendreaprier.net\/ressources\/retraite3.pdf<\/a><\/p>\n\n\n\n<h2 class=\"wp-block-heading\">4e enseignement : Comment traverser les difficult\u00e9s de la pri\u00e8re?<\/h2>\n\n\n\n<p>Dans le quatri\u00e8me enseignement de cette retraite spirituelle sur le th\u00e8me \u00ab\u00a0La pri\u00e8re, pour moi, c&rsquo;est un \u00e9lan du coeur\u00a0\u00bb (sainte Th\u00e9r\u00e8se de Lisieux), nous apprenons \u00e0 traverser les difficult\u00e9s de la pri\u00e8re, en particulier le fait de ne plus rien sentir, la s\u00e9cheresse, la nuit, notamment avec la voie d&rsquo;enfance spirituelle de sainte Th\u00e9r\u00e8se de Lisieux et saint Jean de la Croix.<\/p>\n\n\n\n<figure class=\"wp-block-embed is-type-video is-provider-youtube wp-block-embed-youtube wp-embed-aspect-16-9 wp-has-aspect-ratio\"><div class=\"wp-block-embed__wrapper\">\n<iframe loading=\"lazy\" title=\"Comment traverser les difficult\u00e9s de la pri\u00e8re? - Retraite spirituelle - 4e enseignement\" width=\"750\" height=\"422\" src=\"https:\/\/www.youtube.com\/embed\/rYYic3Ai4oc?feature=oembed\" frameborder=\"0\" allow=\"accelerometer; autoplay; clipboard-write; encrypted-media; gyroscope; picture-in-picture; web-share\" referrerpolicy=\"strict-origin-when-cross-origin\" allowfullscreen><\/iframe>\n<\/div><figcaption class=\"wp-element-caption\">Comment traverser les difficult\u00e9s de la pri\u00e8re (s\u00e9cheresse, nuit)?<\/figcaption><\/figure>\n\n\n\n<p>Lien pour t\u00e9l\u00e9charger la feuille de route avec les citations : <a href=\"https:\/\/apprendreaprier.net\/ressources\/retraite4.pdf\" target=\"_blank\" rel=\"noreferrer noopener\">https:\/\/apprendreaprier.net\/ressources\/retraite4.pdf<\/a><\/p>\n\n\n\n<h2 class=\"wp-block-heading\">5e enseignement : Quelles sont les \u00e9tapes de la vie spirituelle?<\/h2>\n\n\n\n<p>Dans le cinqui\u00e8me et dernier enseignement de cette retraite spirituelle sur le th\u00e8me \u00ab\u00a0La pri\u00e8re, pour moi, c&rsquo;est un \u00e9lan du coeur\u00a0\u00bb (sainte Th\u00e9r\u00e8se de Lisieux), nous d\u00e9couvrons les sept \u00e9tapes universelles de la vie spirituelle, telles que nous les enseigne sainte Th\u00e9r\u00e8se d&rsquo;Avila dans son livre \u00ab\u00a0Le Ch\u00e2teau int\u00e9rieur\u00a0\u00bb ou les \u00ab\u00a0Demeures\u00a0\u00bb.<\/p>\n\n\n\n<p>Nous donnons pour finir des conseils pour bien terminer une retraite et rentrer chez soi en en gardant tous les fruits spirituels.<\/p>\n\n\n\n<figure class=\"wp-block-embed is-type-video is-provider-youtube wp-block-embed-youtube wp-embed-aspect-4-3 wp-has-aspect-ratio\"><div class=\"wp-block-embed__wrapper\">\n<iframe loading=\"lazy\" title=\"Quelles sont les \u00e9tapes de la vie spirituelle? - Retraite spirituelle - 5e enseignement\" width=\"750\" height=\"422\" src=\"https:\/\/www.youtube.com\/embed\/dtiTXbUqqKs?feature=oembed\" frameborder=\"0\" allow=\"accelerometer; autoplay; clipboard-write; encrypted-media; gyroscope; picture-in-picture; web-share\" referrerpolicy=\"strict-origin-when-cross-origin\" allowfullscreen><\/iframe>\n<\/div><figcaption class=\"wp-element-caption\">D\u00e9couvrir les \u00e9tapes de la vie spirituelle avec Th\u00e9r\u00e8se d&rsquo;Avila<\/figcaption><\/figure>\n\n\n\n<p>Lien pour t\u00e9l\u00e9charger la feuille de route avec les citations : <a href=\"https:\/\/apprendreaprier.net\/ressources\/retraite5.pdf\" target=\"_blank\" rel=\"noreferrer noopener\">https:\/\/apprendreaprier.net\/ressources\/retraite5.pdf<\/a><\/p>\n\n\n\n<p><\/p>\n","protected":false},"excerpt":{"rendered":"<p>Cette retraite spirituelle a pour th\u00e8me ce que sainte Th\u00e9r\u00e8se de Lisieux dit de la pri\u00e8re : \u00ab\u00a0La pri\u00e8re, pour moi, c&rsquo;est un \u00e9lan du c\u0153ur\u00a0\u00bb&#8230; Sur Spotify : Introduction : Comment faire une retraite? Dans cette introduction \u00e0 cette retraite spirituelle sur le th\u00e8me \u00ab\u00a0La pri\u00e8re, pour moi, c&rsquo;est un \u00e9lan du c\u0153ur\u00a0\u00bb (sainte&hellip; <a class=\"more-link\" href=\"https:\/\/apprendreaprier.net\/blog-priere\/2024\/02\/retraite-pour-decouvrir-lart-de-la-priere\/\">Poursuivre la lecture <span class=\"screen-reader-text\">Retraite pour d\u00e9couvrir l&rsquo;art de la pri\u00e8re<\/span><\/a><\/p>\n","protected":false},"author":1,"featured_media":0,"comment_status":"closed","ping_status":"closed","sticky":false,"template":"","format":"standard","meta":{"_jetpack_memberships_contains_paid_content":false,"footnotes":""},"categories":[5,7],"tags":[39,187,121,186,55,26,100,165,24,97],"class_list":["post-710","post","type-post","status-publish","format-standard","hentry","category-enseignement-video","category-priere","tag-bible","tag-evangile","tag-jean-de-la-croix","tag-nuit","tag-prier","tag-priere","tag-retraite","tag-secheresse","tag-therese-davila","tag-therese-de-lisieux","entry"],"jetpack_featured_media_url":"","jetpack_sharing_enabled":true,"_links":{"self":[{"href":"https:\/\/apprendreaprier.net\/blog-priere\/wp-json\/wp\/v2\/posts\/710","targetHints":{"allow":["GET"]}}],"collection":[{"href":"https:\/\/apprendreaprier.net\/blog-priere\/wp-json\/wp\/v2\/posts"}],"about":[{"href":"https:\/\/apprendreaprier.net\/blog-priere\/wp-json\/wp\/v2\/types\/post"}],"author":[{"embeddable":true,"href":"https:\/\/apprendreaprier.net\/blog-priere\/wp-json\/wp\/v2\/users\/1"}],"replies":[{"embeddable":true,"href":"https:\/\/apprendreaprier.net\/blog-priere\/wp-json\/wp\/v2\/comments?post=710"}],"version-history":[{"count":4,"href":"https:\/\/apprendreaprier.net\/blog-priere\/wp-json\/wp\/v2\/posts\/710\/revisions"}],"predecessor-version":[{"id":761,"href":"https:\/\/apprendreaprier.net\/blog-priere\/wp-json\/wp\/v2\/posts\/710\/revisions\/761"}],"wp:attachment":[{"href":"https:\/\/apprendreaprier.net\/blog-priere\/wp-json\/wp\/v2\/media?parent=710"}],"wp:term":[{"taxonomy":"category","embeddable":true,"href":"https:\/\/apprendreaprier.net\/blog-priere\/wp-json\/wp\/v2\/categories?post=710"},{"taxonomy":"post_tag","embeddable":true,"href":"https:\/\/apprendreaprier.net\/blog-priere\/wp-json\/wp\/v2\/tags?post=710"}],"curies":[{"name":"wp","href":"https:\/\/api.w.org\/{rel}","templated":true}]}}