{"id":566,"date":"2023-03-25T17:47:04","date_gmt":"2023-03-25T17:47:04","guid":{"rendered":"https:\/\/apprendreaprier.net\/blog-priere\/?p=566"},"modified":"2025-02-09T16:43:58","modified_gmt":"2025-02-09T16:43:58","slug":"lessentiel-de-notre-foi-en-6x35-min","status":"publish","type":"post","link":"https:\/\/apprendreaprier.net\/blog-priere\/2023\/03\/lessentiel-de-notre-foi-en-6x35-min\/","title":{"rendered":"L&rsquo;essentiel de notre foi en 6&#215;35 min !"},"content":{"rendered":"\n<p>Voici les vid\u00e9os et les feuilles r\u00e9sum\u00e9s de ces conf\u00e9rences de Car\u00eame 2023:<\/p>\n\n\n\n<p class=\"has-small-font-size\">(<em>Il existe des conf\u00e9rences plus d\u00e9taill\u00e9es de ces sujets ici : <a rel=\"noreferrer noopener\" href=\"https:\/\/apprendreaprier.net\/blog-priere\/2022\/03\/session-de-careme\/\" target=\"_blank\">https:\/\/apprendreaprier.net\/blog-priere\/2022\/03\/session-de-careme\/<\/a><\/em>)<\/p>\n\n\n\n<p><a href=\"https:\/\/open.spotify.com\/show\/5skpjReUPldYgVgyrqG94i\" target=\"_blank\"><i>Sur Spotify : <\/i><img decoding=\"async\" src=\"https:\/\/upload.wikimedia.org\/wikipedia\/commons\/8\/84\/Spotify_icon.svg\" alt=\"\u00c9couter sur Spotify\" width=\"20\"><\/a><\/p>\n\n\n\n<h2 class=\"wp-block-heading\">1 &#8211; Dieu P\u00e8re Cr\u00e9ateur<\/h2>\n\n\n\n<figure class=\"wp-block-embed is-type-video is-provider-youtube wp-block-embed-youtube wp-embed-aspect-16-9 wp-has-aspect-ratio\"><div class=\"wp-block-embed__wrapper\">\n<iframe loading=\"lazy\" title=\"Dieu P\u00e8re et Cr\u00e9ateur - D\u00e9couvrons l&#039;amour de notre P\u00e8re du Ciel ! - Conf\u00e9rence de Car\u00eame 1\/6\" width=\"750\" height=\"422\" src=\"https:\/\/www.youtube.com\/embed\/WwKkVHWSVtg?list=PLEs-P3hsBoaoiVmPsp0PMoowDwhhwlIN1\" frameborder=\"0\" allow=\"accelerometer; autoplay; clipboard-write; encrypted-media; gyroscope; picture-in-picture; web-share\" referrerpolicy=\"strict-origin-when-cross-origin\" allowfullscreen><\/iframe>\n<\/div><\/figure>\n\n\n\n<p><a href=\"https:\/\/foi.apprendreaprier.net\/meditation\/1-Pere-Createur-resume.pdf\">https:\/\/foi.apprendreaprier.net\/meditation\/1-Pere-Createur-resume.pdf<\/a><\/p>\n\n\n\n<h2 class=\"wp-block-heading\">2 &#8211; La Sainte Trinit\u00e9<\/h2>\n\n\n\n<figure class=\"wp-block-embed is-type-video is-provider-youtube wp-block-embed-youtube wp-embed-aspect-16-9 wp-has-aspect-ratio\"><div class=\"wp-block-embed__wrapper\">\n<iframe loading=\"lazy\" title=\"La Trinit\u00e9: Dieu Un et Dieu P\u00e8re, Fils et Saint-Esprit: un myst\u00e8re d&#039;amour ! Conf\u00e9rence de Car\u00eame2\/6\" width=\"750\" height=\"422\" src=\"https:\/\/www.youtube.com\/embed\/Urqtr5fQ5a8?list=PLEs-P3hsBoaoiVmPsp0PMoowDwhhwlIN1\" frameborder=\"0\" allow=\"accelerometer; autoplay; clipboard-write; encrypted-media; gyroscope; picture-in-picture; web-share\" referrerpolicy=\"strict-origin-when-cross-origin\" allowfullscreen><\/iframe>\n<\/div><\/figure>\n\n\n\n<p><a href=\"https:\/\/foi.apprendreaprier.net\/meditation\/2-Trinite-resume.pdf\">https:\/\/foi.apprendreaprier.net\/meditation\/2-Trinite-resume.pdf<\/a><\/p>\n\n\n\n<h2 class=\"wp-block-heading\">3 &#8211; L&rsquo;incarnation : J\u00e9sus vrai Dieu et vrai homme<\/h2>\n\n\n\n<figure class=\"wp-block-embed is-type-video is-provider-youtube wp-block-embed-youtube wp-embed-aspect-16-9 wp-has-aspect-ratio\"><div class=\"wp-block-embed__wrapper\">\n<iframe loading=\"lazy\" title=\"L&#039;Incarnation - J\u00e9sus, vrai Dieu et vrai homme pour nous rejoindre - Conf\u00e9rence de Car\u00eame 3\/6\" width=\"750\" height=\"422\" src=\"https:\/\/www.youtube.com\/embed\/4ODwovYNz1g?list=PLEs-P3hsBoaoiVmPsp0PMoowDwhhwlIN1\" frameborder=\"0\" allow=\"accelerometer; autoplay; clipboard-write; encrypted-media; gyroscope; picture-in-picture; web-share\" referrerpolicy=\"strict-origin-when-cross-origin\" allowfullscreen><\/iframe>\n<\/div><\/figure>\n\n\n\n<p><a href=\"https:\/\/foi.apprendreaprier.net\/meditation\/3-Incarnation-resume.pdf\">https:\/\/foi.apprendreaprier.net\/meditation\/3-Incarnation-resume.pdf<\/a><\/p>\n\n\n\n<h2 class=\"wp-block-heading\">4 &#8211; La R\u00e9demption : J\u00e9sus nous sauve<\/h2>\n\n\n\n<figure class=\"wp-block-embed is-type-video is-provider-youtube wp-block-embed-youtube wp-embed-aspect-16-9 wp-has-aspect-ratio\"><div class=\"wp-block-embed__wrapper\">\n<iframe loading=\"lazy\" title=\"Le Salut, la R\u00e9demption - J\u00e9sus nous sauve ! - Conf\u00e9rence de Car\u00eame 4\/6\" width=\"750\" height=\"422\" src=\"https:\/\/www.youtube.com\/embed\/BuoewzDkSSA?list=PLEs-P3hsBoaoiVmPsp0PMoowDwhhwlIN1\" frameborder=\"0\" allow=\"accelerometer; autoplay; clipboard-write; encrypted-media; gyroscope; picture-in-picture; web-share\" referrerpolicy=\"strict-origin-when-cross-origin\" allowfullscreen><\/iframe>\n<\/div><\/figure>\n\n\n\n<p><a href=\"https:\/\/foi.apprendreaprier.net\/meditation\/5-Redemption-resume.pdf\" target=\"_blank\" rel=\"noreferrer noopener\">https:\/\/foi.apprendreaprier.net\/meditation\/5-Redemption-resume.pdf<\/a><\/p>\n\n\n\n<h2 class=\"wp-block-heading\">5 &#8211; L&rsquo;Esprit Saint<\/h2>\n\n\n\n<figure class=\"wp-block-embed is-type-video is-provider-youtube wp-block-embed-youtube wp-embed-aspect-16-9 wp-has-aspect-ratio\"><div class=\"wp-block-embed__wrapper\">\n<iframe loading=\"lazy\" title=\"L&#039;Esprit Saint - Dieu amour r\u00e9pandu dans nos coeurs ! - Conf\u00e9rence de Car\u00eame 5\/6\" width=\"750\" height=\"422\" src=\"https:\/\/www.youtube.com\/embed\/3g0dcCf-gOM?list=PLEs-P3hsBoaoiVmPsp0PMoowDwhhwlIN1\" frameborder=\"0\" allow=\"accelerometer; autoplay; clipboard-write; encrypted-media; gyroscope; picture-in-picture; web-share\" referrerpolicy=\"strict-origin-when-cross-origin\" allowfullscreen><\/iframe>\n<\/div><\/figure>\n\n\n\n<p><a href=\"https:\/\/foi.apprendreaprier.net\/meditation\/6-ES-resume.pdf\">https:\/\/foi.apprendreaprier.net\/meditation\/6-ES-resume.pdf<\/a><\/p>\n\n\n\n<p>Citations sur l&rsquo;Esprit Saint rassembl\u00e9es par saint Gr\u00e9goire de Nazianze : <a href=\"https:\/\/apprendreaprier.net\/ressources\/Esprit-Saint-Gregoire-de-Nazianze.pdf\">https:\/\/apprendreaprier.net\/ressources\/Esprit-Saint-Gregoire-de-Nazianze.pdf<\/a><\/p>\n\n\n\n<h2 class=\"wp-block-heading\">6 &#8211; Les fins derni\u00e8res, la vie \u00e9ternelle<\/h2>\n\n\n\n<figure class=\"wp-block-embed is-type-video is-provider-youtube wp-block-embed-youtube wp-embed-aspect-4-3 wp-has-aspect-ratio\"><div class=\"wp-block-embed__wrapper\">\n<iframe loading=\"lazy\" title=\"La vie apr\u00e8s la mort - La Bonne Nouvelle de la R\u00e9surrection ! - Conf\u00e9rence de Car\u00eame 6\/6\" width=\"750\" height=\"422\" src=\"https:\/\/www.youtube.com\/embed\/lnXdnyP38-Q?feature=oembed\" frameborder=\"0\" allow=\"accelerometer; autoplay; clipboard-write; encrypted-media; gyroscope; picture-in-picture; web-share\" referrerpolicy=\"strict-origin-when-cross-origin\" allowfullscreen><\/iframe>\n<\/div><\/figure>\n\n\n\n<p><a href=\"https:\/\/foi.apprendreaprier.net\/meditation\/7-Fins-dernieres-resume.pdf\">https:\/\/foi.apprendreaprier.net\/meditation\/7-Fins-dernieres-resume.pdf<\/a><\/p>\n\n\n\n<p>&#8212;<\/p>\n\n\n\n<p><em>Il existe des conf\u00e9rences plus d\u00e9taill\u00e9es de tous ces sujets ici : <a rel=\"noreferrer noopener\" href=\"https:\/\/apprendreaprier.net\/blog-priere\/2022\/03\/session-de-careme\/\" target=\"_blank\">https:\/\/apprendreaprier.net\/blog-priere\/2022\/03\/session-de-careme\/<\/a><\/em><\/p>\n","protected":false},"excerpt":{"rendered":"<p>Voici les vid\u00e9os et les feuilles r\u00e9sum\u00e9s de ces conf\u00e9rences de Car\u00eame 2023: (Il existe des conf\u00e9rences plus d\u00e9taill\u00e9es de ces sujets ici : https:\/\/apprendreaprier.net\/blog-priere\/2022\/03\/session-de-careme\/) Sur Spotify : 1 &#8211; Dieu P\u00e8re Cr\u00e9ateur https:\/\/foi.apprendreaprier.net\/meditation\/1-Pere-Createur-resume.pdf 2 &#8211; La Sainte Trinit\u00e9 https:\/\/foi.apprendreaprier.net\/meditation\/2-Trinite-resume.pdf 3 &#8211; L&rsquo;incarnation : J\u00e9sus vrai Dieu et vrai homme https:\/\/foi.apprendreaprier.net\/meditation\/3-Incarnation-resume.pdf 4 &#8211; La R\u00e9demption&hellip; <a class=\"more-link\" href=\"https:\/\/apprendreaprier.net\/blog-priere\/2023\/03\/lessentiel-de-notre-foi-en-6x35-min\/\">Poursuivre la lecture <span class=\"screen-reader-text\">L&rsquo;essentiel de notre foi en 6&#215;35 min !<\/span><\/a><\/p>\n","protected":false},"author":1,"featured_media":0,"comment_status":"closed","ping_status":"closed","sticky":false,"template":"","format":"standard","meta":{"_jetpack_memberships_contains_paid_content":false,"footnotes":""},"categories":[5,8,68],"tags":[123,74,124,12,46,16,103,102,104,33],"class_list":["post-566","post","type-post","status-publish","format-standard","hentry","category-enseignement-video","category-foi","category-lessentiel-de-la-foi","tag-credo","tag-esprit-saint","tag-fins-dernieres","tag-foi","tag-incarnation","tag-jesus","tag-mort","tag-saint-esprit","tag-salut","tag-vie-eternelle","entry"],"jetpack_featured_media_url":"","jetpack_sharing_enabled":true,"_links":{"self":[{"href":"https:\/\/apprendreaprier.net\/blog-priere\/wp-json\/wp\/v2\/posts\/566","targetHints":{"allow":["GET"]}}],"collection":[{"href":"https:\/\/apprendreaprier.net\/blog-priere\/wp-json\/wp\/v2\/posts"}],"about":[{"href":"https:\/\/apprendreaprier.net\/blog-priere\/wp-json\/wp\/v2\/types\/post"}],"author":[{"embeddable":true,"href":"https:\/\/apprendreaprier.net\/blog-priere\/wp-json\/wp\/v2\/users\/1"}],"replies":[{"embeddable":true,"href":"https:\/\/apprendreaprier.net\/blog-priere\/wp-json\/wp\/v2\/comments?post=566"}],"version-history":[{"count":7,"href":"https:\/\/apprendreaprier.net\/blog-priere\/wp-json\/wp\/v2\/posts\/566\/revisions"}],"predecessor-version":[{"id":767,"href":"https:\/\/apprendreaprier.net\/blog-priere\/wp-json\/wp\/v2\/posts\/566\/revisions\/767"}],"wp:attachment":[{"href":"https:\/\/apprendreaprier.net\/blog-priere\/wp-json\/wp\/v2\/media?parent=566"}],"wp:term":[{"taxonomy":"category","embeddable":true,"href":"https:\/\/apprendreaprier.net\/blog-priere\/wp-json\/wp\/v2\/categories?post=566"},{"taxonomy":"post_tag","embeddable":true,"href":"https:\/\/apprendreaprier.net\/blog-priere\/wp-json\/wp\/v2\/tags?post=566"}],"curies":[{"name":"wp","href":"https:\/\/api.w.org\/{rel}","templated":true}]}}