{"id":491,"date":"2022-10-02T20:14:11","date_gmt":"2022-10-02T20:14:11","guid":{"rendered":"https:\/\/apprendreaprier.net\/blog-priere\/?p=491"},"modified":"2025-07-28T09:58:48","modified_gmt":"2025-07-28T09:58:48","slug":"recevoir-leffusion-de-lesprit-saint","status":"publish","type":"post","link":"https:\/\/apprendreaprier.net\/blog-priere\/2022\/10\/recevoir-leffusion-de-lesprit-saint\/","title":{"rendered":"Recevoir l&rsquo;effusion de l&rsquo;Esprit Saint?"},"content":{"rendered":"\n<p>Qu&rsquo;est-ce que l&rsquo;effusion de l&rsquo;Esprit Saint? Dois-je \u00eatre baptis\u00e9 dans l&rsquo;Esprit Saint? A quoi \u00e7a sert? N&rsquo;est-ce pas r\u00e9serv\u00e9 aux \u00ab\u00a0charismatiques\u00a0\u00bb ou aux \u00ab\u00a0pentec\u00f4tistes\u00a0\u00bb? <br>A partir de mon t\u00e9moignage personnel, j&rsquo;invite \u00e0 d\u00e9couvrir que l&rsquo;effusion de l-Esprit Saint est pour tous ! Et qu&rsquo;elle est en lien avec les charismes qui renouvellent notre vie chr\u00e9tienne et missionnaire&#8230;<\/p>\n\n\n\n<figure class=\"wp-block-embed is-type-video is-provider-youtube wp-block-embed-youtube wp-embed-aspect-16-9 wp-has-aspect-ratio\"><div class=\"wp-block-embed__wrapper\">\n<iframe loading=\"lazy\" title=\"Faut-il recevoir l&#039;effusion du Saint-Esprit? - Dois-je \u00eatre baptis\u00e9 dans l&#039;Esprit Saint? \ud83d\udd25\ud83d\udd25\ud83d\udd25\" width=\"750\" height=\"422\" src=\"https:\/\/www.youtube.com\/embed\/pTTxjH55UpU?feature=oembed\" frameborder=\"0\" allow=\"accelerometer; autoplay; clipboard-write; encrypted-media; gyroscope; picture-in-picture; web-share\" referrerpolicy=\"strict-origin-when-cross-origin\" allowfullscreen><\/iframe>\n<\/div><\/figure>\n\n\n\n<div class=\"wp-block-group is-style-twentytwentyone-border\"><div class=\"wp-block-group__inner-container is-layout-constrained wp-block-group-is-layout-constrained\">\n<h2 class=\"wp-block-heading\">En BONUS : mon <strong>\u00e9cole des charismes<\/strong> en ligne (4 vid\u00e9os) :<\/h2>\n\n\n\n<figure class=\"wp-block-embed is-type-wp-embed is-provider-blog-apprendre-prier wp-block-embed-blog-apprendre-prier\"><div class=\"wp-block-embed__wrapper\">\n<blockquote class=\"wp-embedded-content\" data-secret=\"7iLalArUdJ\"><a href=\"https:\/\/apprendreaprier.net\/blog-priere\/2023\/04\/decouvrir-les-charismes\/\">D\u00e9couvrir les charismes<\/a><\/blockquote><iframe loading=\"lazy\" class=\"wp-embedded-content\" sandbox=\"allow-scripts\" security=\"restricted\" style=\"position: absolute; visibility: hidden;\" title=\"\u00ab\u00a0D\u00e9couvrir les charismes\u00a0\u00bb &#8212; Blog Apprendre \u00e0 Prier\" src=\"https:\/\/apprendreaprier.net\/blog-priere\/2023\/04\/decouvrir-les-charismes\/embed\/#?secret=QwOIAmytEO#?secret=7iLalArUdJ\" data-secret=\"7iLalArUdJ\" width=\"600\" height=\"338\" frameborder=\"0\" marginwidth=\"0\" marginheight=\"0\" scrolling=\"no\"><\/iframe>\n<\/div><\/figure>\n<\/div><\/div>\n\n\n\n<div class=\"wp-block-group is-style-twentytwentyone-border\"><div class=\"wp-block-group__inner-container is-layout-constrained wp-block-group-is-layout-constrained\">\n<h2 class=\"wp-block-heading\">En 2e BONUS : une <strong>retraite \u00e0 l&rsquo;Esprit Saint !<\/strong><\/h2>\n\n\n\n<figure class=\"wp-block-embed is-type-wp-embed is-provider-blog-apprendre-prier wp-block-embed-blog-apprendre-prier\"><div class=\"wp-block-embed__wrapper\">\n<blockquote class=\"wp-embedded-content\" data-secret=\"tLmu4EcqOr\"><a href=\"https:\/\/apprendreaprier.net\/blog-priere\/2025\/07\/retraite-a-lesprit-saint\/\">Retraite \u00e0 l&rsquo;Esprit Saint<\/a><\/blockquote><iframe loading=\"lazy\" class=\"wp-embedded-content\" sandbox=\"allow-scripts\" security=\"restricted\" style=\"position: absolute; visibility: hidden;\" title=\"\u00ab\u00a0Retraite \u00e0 l&rsquo;Esprit Saint\u00a0\u00bb &#8212; Blog Apprendre \u00e0 Prier\" src=\"https:\/\/apprendreaprier.net\/blog-priere\/2025\/07\/retraite-a-lesprit-saint\/embed\/#?secret=eTgsAYcfkX#?secret=tLmu4EcqOr\" data-secret=\"tLmu4EcqOr\" width=\"600\" height=\"338\" frameborder=\"0\" marginwidth=\"0\" marginheight=\"0\" scrolling=\"no\"><\/iframe>\n<\/div><\/figure>\n<\/div><\/div>\n\n\n\n<p><\/p>\n\n\n\n<h2 class=\"wp-block-heading\">Citations bibliques et chant \u00e0 l&rsquo;Esprit Saint<\/h2>\n\n\n\n<p>\u00ab&nbsp;<sup>37&nbsp;<\/sup>Au jour solennel o\u00f9 se terminait la f\u00eate, J\u00e9sus, debout, s\u2019\u00e9cria&nbsp;: <em>\u201cSi quelqu\u2019un a soif,<\/em> qu\u2019il vienne \u00e0 moi, et qu\u2019il boive, <sup>38&nbsp;<\/sup>celui qui croit en moi&nbsp;! Comme dit l\u2019\u00c9criture&nbsp;: De son c\u0153ur couleront des fleuves d\u2019eau vive.\u201d <sup>39&nbsp;<\/sup>En disant cela, il parlait de l\u2019Esprit Saint qu\u2019allaient recevoir ceux qui croiraient en lui.&nbsp;\u00bb (Jn&nbsp;7, 37\u201139)<\/p>\n\n\n\n<p>\u00ab&nbsp;<sup>24&nbsp;<\/sup>Apr\u00e8s avoir \u00e9cout\u00e9, tous, d\u2019un m\u00eame c\u0153ur, \u00e9lev\u00e8rent leur voix vers Dieu en disant&nbsp;: \u201cMa\u00eetre, toi, tu as fait le ciel et la terre et la mer et tout ce qu\u2019ils renferment. <sup>25&nbsp;<\/sup>Par l\u2019Esprit Saint, tu as mis dans la bouche de notre p\u00e8re David, ton serviteur, les paroles que voici&nbsp;: \u00ab\u00a0Pourquoi ce tumulte des nations, ce vain murmure des peuples&nbsp;? <sup>26&nbsp;<\/sup>Les rois de la terre se sont dress\u00e9s, les chefs se sont ligu\u00e9s entre eux contre le Seigneur et contre son Christ&nbsp;?\u00a0\u00bb <sup>27&nbsp;<\/sup>Et c\u2019est vrai&nbsp;: dans cette ville, H\u00e9rode et Ponce Pilate, avec les nations et le peuple d\u2019Isra\u00ebl, se sont ligu\u00e9s contre J\u00e9sus, ton Saint, ton Serviteur, le Christ \u00e0 qui tu as donn\u00e9 l\u2019onction&nbsp;; <sup>28&nbsp;<\/sup>ils ont fait tout ce que tu avais d\u00e9cid\u00e9 d\u2019avance dans ta puissance et selon ton dessein. <sup>29&nbsp;<\/sup>Et maintenant, Seigneur, sois attentif \u00e0 leurs menaces&nbsp;: donne \u00e0 ceux qui te servent de dire ta parole avec une totale assurance. <em><sup>30&nbsp;<\/sup>\u00c9tends donc ta main pour que se produisent gu\u00e9risons, signes et prodiges, par le nom de J\u00e9sus, ton Saint, ton Serviteur.\u201d <sup>31&nbsp;<\/sup>Quand ils eurent fini de prier, le lieu o\u00f9 ils \u00e9taient r\u00e9unis se mit \u00e0 trembler, ils furent tous remplis du Saint-Esprit et ils disaient la parole de Dieu avec assurance.<\/em>&nbsp;\u00bb (Ac&nbsp;4, 24\u201131)<\/p>\n\n\n\n<p><strong>R. Viens, Esprit de saintet\u00e9,<\/strong><br><strong>Viens, Esprit de lumi\u00e8re,<\/strong><br><strong>Viens, Esprit de feu,<\/strong><br><strong>Viens nous embraser.<\/strong><\/p>\n\n\n\n<p>1. Viens, Esprit du P\u00e8re,<br>Sois la lumi\u00e8re,<br>Fais jaillir des cieux<br>Ta splendeur de gloire.<\/p>\n\n\n\n<p>2. Viens, onction c\u00e9leste,<br>Source d\u2019eau vive,<br>Affermis nos c\u0153urs<br>Et gu\u00e9ris nos corps.<\/p>\n\n\n\n<p>3. Esprit d\u2019all\u00e9gresse,<br>Joie de l\u2019\u00c9glise,<br>Fais jaillir des c\u0153urs<br>Le chant de l\u2019Agneau.<\/p>\n\n\n\n<p>4. Fais-nous reconna\u00eetre<br>L\u2019amour du P\u00e8re,<br>Et r\u00e9v\u00e8le-nous<br>La face du Christ.<\/p>\n\n\n\n<p>5. Feu qui illumines,<br>Souffle de Vie,<br>Par toi resplendit<br>La croix du Seigneur.<\/p>\n\n\n\n<p>6. T\u00e9moin v\u00e9ridique,<br>Tu nous entra\u00eenes<br>\u00c0 proclamer : <br>Christ est ressuscit\u00e9 !<\/p>\n","protected":false},"excerpt":{"rendered":"<p>Qu&rsquo;est-ce que l&rsquo;effusion de l&rsquo;Esprit Saint? Dois-je \u00eatre baptis\u00e9 dans l&rsquo;Esprit Saint? A quoi \u00e7a sert? N&rsquo;est-ce pas r\u00e9serv\u00e9 aux \u00ab\u00a0charismatiques\u00a0\u00bb ou aux \u00ab\u00a0pentec\u00f4tistes\u00a0\u00bb? A partir de mon t\u00e9moignage personnel, j&rsquo;invite \u00e0 d\u00e9couvrir que l&rsquo;effusion de l-Esprit Saint est pour tous ! Et qu&rsquo;elle est en lien avec les charismes qui renouvellent notre vie chr\u00e9tienne&hellip; <a class=\"more-link\" href=\"https:\/\/apprendreaprier.net\/blog-priere\/2022\/10\/recevoir-leffusion-de-lesprit-saint\/\">Poursuivre la lecture <span class=\"screen-reader-text\">Recevoir l&rsquo;effusion de l&rsquo;Esprit Saint?<\/span><\/a><\/p>\n","protected":false},"author":1,"featured_media":0,"comment_status":"closed","ping_status":"closed","sticky":false,"template":"","format":"standard","meta":{"_jetpack_memberships_contains_paid_content":false,"footnotes":""},"categories":[5,7],"tags":[79,114,74,102],"class_list":["post-491","post","type-post","status-publish","format-standard","hentry","category-enseignement-video","category-priere","tag-charismes","tag-effusion","tag-esprit-saint","tag-saint-esprit","entry"],"jetpack_featured_media_url":"","jetpack_sharing_enabled":true,"_links":{"self":[{"href":"https:\/\/apprendreaprier.net\/blog-priere\/wp-json\/wp\/v2\/posts\/491","targetHints":{"allow":["GET"]}}],"collection":[{"href":"https:\/\/apprendreaprier.net\/blog-priere\/wp-json\/wp\/v2\/posts"}],"about":[{"href":"https:\/\/apprendreaprier.net\/blog-priere\/wp-json\/wp\/v2\/types\/post"}],"author":[{"embeddable":true,"href":"https:\/\/apprendreaprier.net\/blog-priere\/wp-json\/wp\/v2\/users\/1"}],"replies":[{"embeddable":true,"href":"https:\/\/apprendreaprier.net\/blog-priere\/wp-json\/wp\/v2\/comments?post=491"}],"version-history":[{"count":6,"href":"https:\/\/apprendreaprier.net\/blog-priere\/wp-json\/wp\/v2\/posts\/491\/revisions"}],"predecessor-version":[{"id":785,"href":"https:\/\/apprendreaprier.net\/blog-priere\/wp-json\/wp\/v2\/posts\/491\/revisions\/785"}],"wp:attachment":[{"href":"https:\/\/apprendreaprier.net\/blog-priere\/wp-json\/wp\/v2\/media?parent=491"}],"wp:term":[{"taxonomy":"category","embeddable":true,"href":"https:\/\/apprendreaprier.net\/blog-priere\/wp-json\/wp\/v2\/categories?post=491"},{"taxonomy":"post_tag","embeddable":true,"href":"https:\/\/apprendreaprier.net\/blog-priere\/wp-json\/wp\/v2\/tags?post=491"}],"curies":[{"name":"wp","href":"https:\/\/api.w.org\/{rel}","templated":true}]}}