{"id":420,"date":"2022-05-14T19:50:20","date_gmt":"2022-05-14T19:50:20","guid":{"rendered":"https:\/\/apprendreaprier.net\/blog-priere\/?p=420"},"modified":"2022-05-25T21:01:41","modified_gmt":"2022-05-25T21:01:41","slug":"le-sacrement-des-malades","status":"publish","type":"post","link":"https:\/\/apprendreaprier.net\/blog-priere\/2022\/05\/le-sacrement-des-malades\/","title":{"rendered":"Le Sacrement des Malades"},"content":{"rendered":"\n<p>Longtemps appel\u00e9 \u00ab\u00a0l&rsquo;extr\u00eame onction\u00a0\u00bb, ce sacrement est red\u00e9couvert depuis Vatican II comme le \u00ab\u00a0sacrement des malades\u00a0\u00bb, ou \u00ab\u00a0l&rsquo;onction des malades\u00a0\u00bb : un sacrement destin\u00e9, non aux mourants, mais aux malades. En effet, ce sacrement a pour effet le pardon des p\u00e9ch\u00e9s, une force et une paix dans la maladie, mais aussi, on l&rsquo;esp\u00e8re, la gu\u00e9rison! L&rsquo;Ap\u00f4tre Jacques l&rsquo;exprimait bien : \u00ab\u00a0L&rsquo;un de vous est-il malade ? Qu&rsquo;il fasse appeler les anciens de l&rsquo;Eglise et qu&rsquo;ils prient apr\u00e8s avoir fait sur lui une onction d&rsquo;huile au nom du Seigneur. La pri\u00e8re de la foi gu\u00e9rira le patient\u00a0\u00bb (Jn 5, 14-15)<\/p>\n\n\n\n<p>#gu\u00e9rison #sacrement #malades #sacrementdesmalades #onctiondesmalades #extremeonction<\/p>\n\n\n\n<figure class=\"wp-block-embed is-type-video is-provider-youtube wp-block-embed-youtube wp-embed-aspect-16-9 wp-has-aspect-ratio\"><div class=\"wp-block-embed__wrapper\">\n<iframe loading=\"lazy\" title=\"Le Sacrement des Malades\" width=\"750\" height=\"422\" src=\"https:\/\/www.youtube.com\/embed\/ovc2YTxIE3Q?feature=oembed\" frameborder=\"0\" allow=\"accelerometer; autoplay; clipboard-write; encrypted-media; gyroscope; picture-in-picture\" allowfullscreen><\/iframe>\n<\/div><\/figure>\n\n\n\n<p>Feuille de route : <a href=\"https:\/\/apprendreaprier.net\/ressources\/onction-malades.pdf\" target=\"_blank\" rel=\"noreferrer noopener\">https:\/\/apprendreaprier.net\/ressources\/onction-malades.pdf<\/a><\/p>\n\n\n\n<h2 class=\"wp-block-heading\">I) Parcours historique<\/h2>\n\n\n\n<h3 class=\"wp-block-heading\">J\u00e9sus et les ap\u00f4tres<\/h3>\n\n\n\n<p>&nbsp;&nbsp;&nbsp;&nbsp;&nbsp;&nbsp;&nbsp;&nbsp;&nbsp;&nbsp;&nbsp; Concile de Trente&nbsp;: \u00ab&nbsp;Cette onction sainte des malades a \u00e9t\u00e9 <em>institu\u00e9e<\/em> par le Christ notre Seigneur comme \u00e9tant v\u00e9ritablement et proprement un sacrement de la Nouvelle Alliance; ce sacrement \u00e9t\u00e9 <em>insinu\u00e9<\/em> dans Marc [Mc 6, 13], recommand\u00e9 et <em>promulgu\u00e9<\/em> par Jacques, ap\u00f4tre et fr\u00e8re du Seigneur [Jc&nbsp;5, 13\u201115]&nbsp;\u00bb (Dz 1695).<\/p>\n\n\n\n<p>&nbsp;&nbsp;&nbsp;&nbsp;&nbsp;&nbsp;&nbsp;&nbsp;&nbsp;&nbsp;&nbsp; \u00ab&nbsp;Ils chassaient beaucoup de d\u00e9mons, ils faisaient des onctions d&rsquo;huile \u00e0 beaucoup de malades et ils les gu\u00e9rissaient.&nbsp;\u00bb (Mc&nbsp;6, 13)<\/p>\n\n\n\n<p>&nbsp;&nbsp;&nbsp;&nbsp;&nbsp;&nbsp;&nbsp;&nbsp;&nbsp;&nbsp;&nbsp; \u00ab&nbsp;<sup>13&nbsp;<\/sup>L&rsquo;un de vous souffre-t-il&nbsp;? Qu&rsquo;il prie. Est-il joyeux&nbsp;? Qu&rsquo;il chante des cantiques. <sup>14&nbsp;<\/sup>L&rsquo;un de vous est-il malade&nbsp;? Qu&rsquo;il fasse appeler les anciens de l&rsquo;Eglise et qu&rsquo;ils prient apr\u00e8s avoir fait sur lui une onction d&rsquo;huile au nom du Seigneur. <sup>15&nbsp;<\/sup>La pri\u00e8re de la foi sauvera [ou&nbsp;: gu\u00e9rira (soz\u00f4)] le patient&nbsp;; le Seigneur le rel\u00e8vera [ou&nbsp;: ressuscitera (egeir\u00f4)] et, s&rsquo;il a des p\u00e9ch\u00e9s \u00e0 son actif, il lui sera pardonn\u00e9.&nbsp;\u00bb (Jc&nbsp;5, 13\u201115)<\/p>\n\n\n\n<h3 class=\"wp-block-heading\">4 \u00e9tapes historiques<\/h3>\n\n\n\n<h4 class=\"wp-block-heading\">Des premiers si\u00e8cles \u00e0 l\u2019\u00e9poque carolingienne (VIII<sup>e<\/sup> s.)<\/h4>\n\n\n\n<p><strong>Sermon de saint C\u00e9saire d\u2019Arles (503-543)<\/strong><\/p>\n\n\n\n<p>&nbsp;&nbsp;&nbsp;&nbsp;&nbsp;&nbsp;&nbsp;&nbsp;&nbsp;&nbsp;&nbsp; \u00ab&nbsp;Toutes les fois qu\u2019une maladie quelconque sera survenue, que le malade re\u00e7oive le corps et le sang du Christ, qu\u2019humblement et fid\u00e8lement il r\u00e9clame l\u2019huile b\u00e9nite par les pr\u00eatres, qu\u2019ensuite il oigne son corps pour que ce qui est \u00e9crit s\u2019accomplissent en lui [Jc 5, 14-15]. Vous constatez, fr\u00e8res, que celui, qui, dans une maladie, court \u00e0 l\u2019Eglise, m\u00e9ritera de recevoir la sant\u00e9 du corps et d\u2019obtenir la r\u00e9mission de ses p\u00e9ch\u00e9s&nbsp;\u00bb.<\/p>\n\n\n\n<h4 class=\"wp-block-heading\">La p\u00e9riode m\u00e9diane (IX-XII s.)<\/h4>\n\n\n\n<p><strong>C<\/strong><strong>oncile de Pavie, en 850&nbsp;:<\/strong><\/p>\n\n\n\n<p>&nbsp;&nbsp;&nbsp;&nbsp;&nbsp;&nbsp;&nbsp;&nbsp;&nbsp;&nbsp;&nbsp; \u00ab&nbsp;C\u2019est en effet un myst\u00e8re grand et tr\u00e8s d\u00e9sirable, par lequel, s\u2019il est demand\u00e9 dans la foi, le p\u00e9ch\u00e9 est remis et par suite aussi la sant\u00e9 corporelle r\u00e9tablie\u2026 Mais il faut savoir que si celui qui est malade est livr\u00e9 \u00e0 la p\u00e9nitence publique, il ne peut pas recevoir le rem\u00e8de de ce myst\u00e8re, \u00e0 moins qu\u2019ayant d\u2019abord obtenu la r\u00e9conciliation,&nbsp;\u00bb<\/p>\n\n\n\n<h4 class=\"wp-block-heading\">Du XII s. \u00e0 Vatican II<\/h4>\n\n\n\n<p>&nbsp;&nbsp;&nbsp;&nbsp;&nbsp;&nbsp;&nbsp;&nbsp;&nbsp;&nbsp;&nbsp; Approfondissement th\u00e9ologique.<\/p>\n\n\n\n<h4 class=\"wp-block-heading\">Vatican II<\/h4>\n\n\n\n<p><strong><em>Sacrosanctum Concilium<\/em><\/strong><strong> n\u00b073:<\/strong><\/p>\n\n\n\n<p>&nbsp;&nbsp;&nbsp;&nbsp;&nbsp;&nbsp;&nbsp;&nbsp;&nbsp;&nbsp;&nbsp; \u00ab&nbsp;\u2018L\u2019extr\u00eame onction\u2019, qu\u2019on peut appeler aussi et mieux <strong>\u2018onction des malades\u2019<\/strong>, n\u2019est pas seulement le sacrement de ceux qui se trouvent au terme de la vie. Aussi le temps opportun pour le recevoir est-il d\u00e9j\u00e0 certainement arriv\u00e9 quand le fid\u00e8le commence \u00e0 \u00eatre en danger de mort, par suite de la maladie ou de la vieillesse&nbsp;\u00bb (SC n\u00b073).<\/p>\n\n\n\n<p><strong><em>Lumen Gentium <\/em>n\u00b011&nbsp;:<\/strong><\/p>\n\n\n\n<p>&nbsp;&nbsp;&nbsp;&nbsp;&nbsp;&nbsp;&nbsp;&nbsp;&nbsp;&nbsp;&nbsp; \u00ab&nbsp;Par la sainte onction des malades et la pri\u00e8re des pr\u00eatres, c\u2019est l\u2019\u00c9glise tout enti\u00e8re qui recommande les malades au Seigneur souffrant et glorifi\u00e9, pour qu\u2019il les soulage (<em>alleviet<\/em>) et les sauve (<em>salvet<\/em>) (cf. <em>Jc<\/em> 5, 14-16) ; bien mieux, elle les exhorte de s\u2019associer librement \u00e0 la passion et \u00e0 la mort du Christ (cf. <em>Rm<\/em> 8, 17 ; <em>Col 1<\/em>, 24 ; <em>2 Tm <\/em>2, 11-12 ; <em>1 P <\/em>4, 13) afin d\u2019apporter leur part pour le bien du Peuple de Dieu&nbsp;\u00bb. [cf. PO 5]<\/p>\n\n\n\n<p><strong><em>Sacrosanctum Concilium<\/em><\/strong><strong> n\u00b074&nbsp;:<\/strong><\/p>\n\n\n\n<p>&nbsp;&nbsp;&nbsp;&nbsp;&nbsp;&nbsp;&nbsp;&nbsp;&nbsp;&nbsp;&nbsp; \u00ab&nbsp;En dehors des rites s\u00e9par\u00e9s de l\u2019onction des malades et du viatique, on composera un rituel continu selon lequel on conf\u00e9rera l\u2019onction au malade apr\u00e8s la confession, et avant la r\u00e9ception du viatique&nbsp;\u00bb&nbsp;:<\/p>\n\n\n\n<h2 class=\"wp-block-heading\">II) Br\u00e8ve th\u00e9ologie du sacrement<\/h2>\n\n\n\n<h3 class=\"wp-block-heading\">Quelle est la \u00ab&nbsp;mati\u00e8re&nbsp;\u00bb, la \u00ab&nbsp;forme&nbsp;\u00bb et le ministre&nbsp;?<\/h3>\n\n\n\n<p>-Mati\u00e8re&nbsp;: onction d\u2019huile (peut \u00eatre b\u00e9nie par le pr\u00eatre lui-m\u00eame) sur le front et sur les mains<\/p>\n\n\n\n<p>-Forme&nbsp;: \u00ab&nbsp;N., par cette onction sainte, que le Seigneur, en sa grande bont\u00e9, vous r\u00e9conforte par la gr\u00e2ce de l\u2019Esprit Saint. Amen.<br>Ainsi vous ayant lib\u00e9r\u00e9 de vos p\u00e9ch\u00e9s, qu\u2019il vous sauve et vous rel\u00e8ve. Amen.&nbsp;\u00bb<\/p>\n\n\n\n<p>-Ministre&nbsp;: seul le pr\u00eatre<\/p>\n\n\n\n<h3 class=\"wp-block-heading\">Quels sont les effets de l\u2019onction des malades&nbsp;?<\/h3>\n\n\n\n<p>&#8211; le pardon des p\u00e9ch\u00e9s et de leurs cons\u00e9quences (mais il faut se confesser avant si on en a la capacit\u00e9 physique)<\/p>\n\n\n\n<p>&#8211; le don d\u2019une force pour l\u2019\u00e2me afin de supporter la maladie<\/p>\n\n\n\n<p>&#8211; la possible gu\u00e9rison du corps<\/p>\n\n\n\n<h3 class=\"wp-block-heading\">Qui peut la recevoir&nbsp;? Peut-on la recevoir plusieurs fois&nbsp;?<\/h3>\n\n\n\n<p>\u00ab&nbsp;L&rsquo;onction des malades peut \u00eatre administr\u00e9e au fid\u00e8le qui, parvenu \u00e0 l&rsquo;usage de la raison, commence \u00e0 se trouver en danger pour cause de maladie ou de vieillesse&nbsp;\u00bb. (CIC 1004)<\/p>\n\n\n\n<h3 class=\"wp-block-heading\">Est-ce important de la recevoir&nbsp;?<\/h3>\n\n\n\n<p>CEC 1516&nbsp;: \u00ab&nbsp;C\u2019est le devoir des pasteurs d\u2019instruire les fid\u00e8les des bienfaits de ce sacrement. Que les fid\u00e8les encouragent les malades \u00e0 faire appel au pr\u00eatre pour recevoir ce sacrement.&nbsp;\u00bb<\/p>\n\n\n\n<h2 class=\"wp-block-heading\">III) D\u00e9roul\u00e9 concret<\/h2>\n\n\n\n<p>*<strong>Rites d\u2019entr\u00e9e<\/strong>&nbsp;:<br>&#8211; salutation,<br>&#8211; rite de l\u2019eau b\u00e9nite (facultatif),<br>&#8211; monition ou oraison<br>&#8211; rite p\u00e9nitentiel. La c\u00e9l\u00e9bration du sacrement de la r\u00e9conciliation peut intervenir ici si cela n\u2019a pu \u00eatre fait auparavant, mais il est pr\u00e9f\u00e9rable de le faire avant.<\/p>\n\n\n\n<p>*<strong>Liturgie de la Parole<\/strong><\/p>\n\n\n\n<p>*<strong>Imposition des mains<\/strong><\/p>\n\n\n\n<p>*<strong>Onction du malade<\/strong><\/p>\n\n\n\n<p>*<strong>Pri\u00e8re universelle<\/strong><\/p>\n\n\n\n<p>*<strong>Oraison<\/strong><\/p>\n\n\n\n<p>*<strong>Conclusion<\/strong>&nbsp;:<br>-Notre P\u00e8re<br>(-communion)<br>-b\u00e9n\u00e9diction.<\/p>\n","protected":false},"excerpt":{"rendered":"<p>Longtemps appel\u00e9 \u00ab\u00a0l&rsquo;extr\u00eame onction\u00a0\u00bb, ce sacrement est red\u00e9couvert depuis Vatican II comme le \u00ab\u00a0sacrement des malades\u00a0\u00bb, ou \u00ab\u00a0l&rsquo;onction des malades\u00a0\u00bb : un sacrement destin\u00e9, non aux mourants, mais aux malades. En effet, ce sacrement a pour effet le pardon des p\u00e9ch\u00e9s, une force et une paix dans la maladie, mais aussi, on l&rsquo;esp\u00e8re, la gu\u00e9rison!&hellip; <a class=\"more-link\" href=\"https:\/\/apprendreaprier.net\/blog-priere\/2022\/05\/le-sacrement-des-malades\/\">Poursuivre la lecture <span class=\"screen-reader-text\">Le Sacrement des Malades<\/span><\/a><\/p>\n","protected":false},"author":1,"featured_media":0,"comment_status":"closed","ping_status":"closed","sticky":false,"template":"","format":"standard","meta":{"_jetpack_memberships_contains_paid_content":false,"footnotes":""},"categories":[5,8],"tags":[83,98,99,22],"class_list":["post-420","post","type-post","status-publish","format-standard","hentry","category-enseignement-video","category-foi","tag-guerison","tag-malades","tag-onction","tag-sacrement","entry"],"jetpack_featured_media_url":"","jetpack_sharing_enabled":true,"_links":{"self":[{"href":"https:\/\/apprendreaprier.net\/blog-priere\/wp-json\/wp\/v2\/posts\/420","targetHints":{"allow":["GET"]}}],"collection":[{"href":"https:\/\/apprendreaprier.net\/blog-priere\/wp-json\/wp\/v2\/posts"}],"about":[{"href":"https:\/\/apprendreaprier.net\/blog-priere\/wp-json\/wp\/v2\/types\/post"}],"author":[{"embeddable":true,"href":"https:\/\/apprendreaprier.net\/blog-priere\/wp-json\/wp\/v2\/users\/1"}],"replies":[{"embeddable":true,"href":"https:\/\/apprendreaprier.net\/blog-priere\/wp-json\/wp\/v2\/comments?post=420"}],"version-history":[{"count":3,"href":"https:\/\/apprendreaprier.net\/blog-priere\/wp-json\/wp\/v2\/posts\/420\/revisions"}],"predecessor-version":[{"id":423,"href":"https:\/\/apprendreaprier.net\/blog-priere\/wp-json\/wp\/v2\/posts\/420\/revisions\/423"}],"wp:attachment":[{"href":"https:\/\/apprendreaprier.net\/blog-priere\/wp-json\/wp\/v2\/media?parent=420"}],"wp:term":[{"taxonomy":"category","embeddable":true,"href":"https:\/\/apprendreaprier.net\/blog-priere\/wp-json\/wp\/v2\/categories?post=420"},{"taxonomy":"post_tag","embeddable":true,"href":"https:\/\/apprendreaprier.net\/blog-priere\/wp-json\/wp\/v2\/tags?post=420"}],"curies":[{"name":"wp","href":"https:\/\/api.w.org\/{rel}","templated":true}]}}