{"id":236,"date":"2021-12-08T20:06:42","date_gmt":"2021-12-08T20:06:42","guid":{"rendered":"https:\/\/apprendreaprier.net\/blog-priere\/?p=236"},"modified":"2021-12-08T20:08:49","modified_gmt":"2021-12-08T20:08:49","slug":"pour-une-creche-vivante","status":"publish","type":"post","link":"https:\/\/apprendreaprier.net\/blog-priere\/2021\/12\/pour-une-creche-vivante\/","title":{"rendered":"Pour une cr\u00e8che vivante"},"content":{"rendered":"\n<div class=\"wp-block-media-text alignwide is-stacked-on-mobile\"><figure class=\"wp-block-media-text__media\"><img data-recalc-dims=\"1\" loading=\"lazy\" decoding=\"async\" width=\"455\" height=\"453\" src=\"https:\/\/i0.wp.com\/apprendreaprier.net\/blog-priere\/wp-content\/uploads\/2021\/12\/image.png?resize=455%2C453&#038;ssl=1\" alt=\"\" class=\"wp-image-238 size-full\" srcset=\"https:\/\/i0.wp.com\/apprendreaprier.net\/blog-priere\/wp-content\/uploads\/2021\/12\/image.png?w=455&amp;ssl=1 455w, https:\/\/i0.wp.com\/apprendreaprier.net\/blog-priere\/wp-content\/uploads\/2021\/12\/image.png?resize=300%2C300&amp;ssl=1 300w, https:\/\/i0.wp.com\/apprendreaprier.net\/blog-priere\/wp-content\/uploads\/2021\/12\/image.png?resize=150%2C150&amp;ssl=1 150w\" sizes=\"auto, (max-width: 455px) 100vw, 455px\" \/><\/figure><div class=\"wp-block-media-text__content\">\n<p class=\"has-large-font-size\">Nous sommes rentr\u00e9s dans le temps de l\u2019Avent, temps de pr\u00e9paration \u00e0 la f\u00eate de No\u00ebl o\u00f9 nous comm\u00e9morons <a rel=\"noreferrer noopener\" href=\"https:\/\/foi.apprendreaprier.net\/meditation\/jour3.html\" target=\"_blank\">l&rsquo;Incarnation : Dieu qui s&rsquo;est fait homme<\/a>. C\u2019est le moment de l\u2019ann\u00e9e o\u00f9 nous d\u00e9corons nos maisons et installons <a href=\"https:\/\/hozana.org\/fetes\/noel\/creche-de-noel\" target=\"_blank\" rel=\"noreferrer noopener\">une cr\u00e8che<\/a>. Traditionnellement, elle est install\u00e9e \u00e0 partir du premier dimanche de l\u2019Avent et jusqu\u2019au 2 f\u00e9vrier, date \u00e0 laquelle nous comm\u00e9morons la pr\u00e9sentation de J\u00e9sus au Temple.<\/p>\n<\/div><\/div>\n\n\n\n<p>Les premi\u00e8res cr\u00e8ches, \u00e0 l\u2019instar de la toute premi\u00e8re r\u00e9alis\u00e9e par saint Fran\u00e7ois d\u2019Assise lors de la nuit de No\u00ebl de 1223, \u00e9taient des cr\u00e8ches vivantes. Alors cette ann\u00e9e, que notre cr\u00e8che soit vivante et prenons le temps de la contempler, de l\u2019habiter, de rentrer v\u00e9ritablement dans la joie de Bethl\u00e9em !<\/p>\n\n\n\n<ul class=\"wp-block-list\"><li><strong>Installons la Sainte Famille dans notre quotidien<\/strong>. Notre cr\u00e8che n\u2019a pas besoin d\u2019\u00eatre la plus belle, la plus grande mais elle a besoin d\u2019\u00eatre au centre de notre maison, au c\u0153ur de notre espace de vie, pour \u00eatre vue, regard\u00e9e. Et, \u00e0 chaque coup d&rsquo;\u0153il, nous pouvons en profiter pour imaginer <a rel=\"noreferrer noopener\" href=\"https:\/\/apprendreaprier.net\/blog-priere\/2021\/10\/la-foi-de-marie-et-de-joseph\/\" data-type=\"URL\" data-id=\"https:\/\/apprendreaprier.net\/blog-priere\/2021\/10\/la-foi-de-marie-et-de-joseph\/\" target=\"_blank\">Joseph et Marie<\/a> dans leur quotidien ou pour leur confier la t\u00e2che que nous allons faire, le moment que nous passons. Invitons-nous chez eux et invitons-les chez nous&#8230; Profitons-en pour red\u00e9couvrir la voie d&rsquo;enfance spirituelle de la <a href=\"https:\/\/apprendreaprier.net\/blog-priere\/2021\/04\/therese-de-lisieux-et-la-misericorde-1-2\/\" data-type=\"URL\" data-id=\"https:\/\/apprendreaprier.net\/blog-priere\/2021\/04\/therese-de-lisieux-et-la-misericorde-1-2\/\" target=\"_blank\" rel=\"noreferrer noopener\">petite Th\u00e9r\u00e8se<\/a> en <a href=\"https:\/\/apprendreaprier.net\/blog-priere\/2021\/10\/adorer-jesus-enfant-au-milieu-de-la-sainte-famille\/\" data-type=\"URL\" data-id=\"https:\/\/apprendreaprier.net\/blog-priere\/2021\/10\/adorer-jesus-enfant-au-milieu-de-la-sainte-famille\/\" target=\"_blank\" rel=\"noreferrer noopener\">contemplant J\u00e9sus enfant<\/a>!<\/li><li><strong>Cheminons avec les santons<\/strong>. La cr\u00e8che est une bonne occasion de <a href=\"https:\/\/oraison.apprendreaprier.net\/\" data-type=\"URL\" data-id=\"https:\/\/oraison.apprendreaprier.net\/\" target=\"_blank\" rel=\"noreferrer noopener\">prier<\/a> en famille, le matin ou le soir. Faisons-en un temps de jeu et de m\u00e9ditation ! Chacun peut avoir son santon et lui donner vie et corps, pour mieux ressentir avec lui la joie immense de cette fameuse nuit o\u00f9 Dieu vint \u00e0 nous. Quels sont les sentiments qui ont travers\u00e9 ce berger durant ces quelques semaines ? Qu\u2019est-ce qu\u2019ont pu se dire les rois mages avant de se mettre en chemin ?<\/li><li><strong>Suivons l\u2019\u00e9toile<\/strong>. L\u2019\u00e9toile du berger nous rappelle que le Seigneur nous guide. Pendant toute la dur\u00e9e de l\u2019Avent, soyons attentifs aux signes que Dieu laisse dans notre vie et pour chacun d\u2019eux, dessinons une \u00e9toile de plus au-dessus de notre cr\u00e8che.<\/li><li><strong>Chantons avec les anges<\/strong>. C\u2019est le moment de donner de la voix ! Chaque jour de l\u2019Avent, red\u00e9couvrons un chant de No\u00ebl.<\/li><\/ul>\n\n\n\n<p>Pour habiter encore davantage ce temps joyeux de l\u2019attente, rejoignez le parcours <a href=\"https:\/\/hozana.org\/communaute\/10432-parcours-en-avent-pour-noel-saison-2\" target=\"_blank\" rel=\"noreferrer noopener\">En Avent pour No\u00ebl<\/a> sur Hozana et vivez un Avent dans la joie en d\u00e9couvrant chaque jour une petite vid\u00e9o pour booster votre foi !<\/p>\n","protected":false},"excerpt":{"rendered":"<p>Nous sommes rentr\u00e9s dans le temps de l\u2019Avent, temps de pr\u00e9paration \u00e0 la f\u00eate de No\u00ebl o\u00f9 nous comm\u00e9morons l&rsquo;Incarnation : Dieu qui s&rsquo;est fait homme. C\u2019est le moment de l\u2019ann\u00e9e o\u00f9 nous d\u00e9corons nos maisons et installons une cr\u00e8che. Traditionnellement, elle est install\u00e9e \u00e0 partir du premier dimanche de l\u2019Avent et jusqu\u2019au 2 f\u00e9vrier,&hellip; <a class=\"more-link\" href=\"https:\/\/apprendreaprier.net\/blog-priere\/2021\/12\/pour-une-creche-vivante\/\">Poursuivre la lecture <span class=\"screen-reader-text\">Pour une cr\u00e8che vivante<\/span><\/a><\/p>\n","protected":false},"author":1,"featured_media":0,"comment_status":"closed","ping_status":"","sticky":false,"template":"","format":"standard","meta":{"_jetpack_memberships_contains_paid_content":false,"footnotes":""},"categories":[1],"tags":[],"class_list":["post-236","post","type-post","status-publish","format-standard","hentry","category-uncategorized","entry"],"jetpack_featured_media_url":"","jetpack_sharing_enabled":true,"_links":{"self":[{"href":"https:\/\/apprendreaprier.net\/blog-priere\/wp-json\/wp\/v2\/posts\/236","targetHints":{"allow":["GET"]}}],"collection":[{"href":"https:\/\/apprendreaprier.net\/blog-priere\/wp-json\/wp\/v2\/posts"}],"about":[{"href":"https:\/\/apprendreaprier.net\/blog-priere\/wp-json\/wp\/v2\/types\/post"}],"author":[{"embeddable":true,"href":"https:\/\/apprendreaprier.net\/blog-priere\/wp-json\/wp\/v2\/users\/1"}],"replies":[{"embeddable":true,"href":"https:\/\/apprendreaprier.net\/blog-priere\/wp-json\/wp\/v2\/comments?post=236"}],"version-history":[{"count":3,"href":"https:\/\/apprendreaprier.net\/blog-priere\/wp-json\/wp\/v2\/posts\/236\/revisions"}],"predecessor-version":[{"id":241,"href":"https:\/\/apprendreaprier.net\/blog-priere\/wp-json\/wp\/v2\/posts\/236\/revisions\/241"}],"wp:attachment":[{"href":"https:\/\/apprendreaprier.net\/blog-priere\/wp-json\/wp\/v2\/media?parent=236"}],"wp:term":[{"taxonomy":"category","embeddable":true,"href":"https:\/\/apprendreaprier.net\/blog-priere\/wp-json\/wp\/v2\/categories?post=236"},{"taxonomy":"post_tag","embeddable":true,"href":"https:\/\/apprendreaprier.net\/blog-priere\/wp-json\/wp\/v2\/tags?post=236"}],"curies":[{"name":"wp","href":"https:\/\/api.w.org\/{rel}","templated":true}]}}