{"id":196,"date":"2021-10-15T18:01:44","date_gmt":"2021-10-15T18:01:44","guid":{"rendered":"https:\/\/apprendreaprier.net\/blog-priere\/?p=196"},"modified":"2021-10-16T07:17:33","modified_gmt":"2021-10-16T07:17:33","slug":"therese-davila-maitresse-de-vie-spirituelle","status":"publish","type":"post","link":"https:\/\/apprendreaprier.net\/blog-priere\/2021\/10\/therese-davila-maitresse-de-vie-spirituelle\/","title":{"rendered":"Th\u00e9r\u00e8se d&rsquo;Avila, ma\u00eetresse de vie spirituelle"},"content":{"rendered":"\n<div class=\"wp-block-media-text alignwide is-stacked-on-mobile\"><figure class=\"wp-block-media-text__media\"><img data-recalc-dims=\"1\" loading=\"lazy\" decoding=\"async\" width=\"750\" height=\"743\" src=\"https:\/\/i0.wp.com\/apprendreaprier.net\/blog-priere\/wp-content\/uploads\/2021\/10\/Peter_Paul_Rubens_138.jpg?resize=750%2C743&#038;ssl=1\" alt=\"\" class=\"wp-image-197 size-full\" srcset=\"https:\/\/i0.wp.com\/apprendreaprier.net\/blog-priere\/wp-content\/uploads\/2021\/10\/Peter_Paul_Rubens_138.jpg?resize=1024%2C1014&amp;ssl=1 1024w, https:\/\/i0.wp.com\/apprendreaprier.net\/blog-priere\/wp-content\/uploads\/2021\/10\/Peter_Paul_Rubens_138.jpg?resize=300%2C297&amp;ssl=1 300w, https:\/\/i0.wp.com\/apprendreaprier.net\/blog-priere\/wp-content\/uploads\/2021\/10\/Peter_Paul_Rubens_138.jpg?resize=150%2C150&amp;ssl=1 150w, https:\/\/i0.wp.com\/apprendreaprier.net\/blog-priere\/wp-content\/uploads\/2021\/10\/Peter_Paul_Rubens_138.jpg?resize=768%2C760&amp;ssl=1 768w, https:\/\/i0.wp.com\/apprendreaprier.net\/blog-priere\/wp-content\/uploads\/2021\/10\/Peter_Paul_Rubens_138.jpg?w=1215&amp;ssl=1 1215w\" sizes=\"auto, (max-width: 750px) 100vw, 750px\" \/><\/figure><div class=\"wp-block-media-text__content\">\n<p class=\"has-large-font-size\">Th\u00e9r\u00e8se d&rsquo;Avila, fondatrice du Carmel r\u00e9form\u00e9 et docteur de l&rsquo;Eglise, est consid\u00e9r\u00e9e comme la \u00ab\u00a0m\u00e8re des spirituels\u00a0\u00bb. En effet, son enseignement sur la vie de pri\u00e8re est des plus remarquables! Elle a aussi pr\u00e9sent\u00e9 de fa\u00e7on magistrale les diff\u00e9rentes \u00e9tapes de la vie spirituelle. Voici une vid\u00e9o pour la d\u00e9couvrir!<\/p>\n<\/div><\/div>\n\n\n\n<figure class=\"wp-block-embed is-type-video is-provider-youtube wp-block-embed-youtube wp-embed-aspect-16-9 wp-has-aspect-ratio\"><div class=\"wp-block-embed__wrapper\">\n<iframe loading=\"lazy\" title=\"Th\u00e9r\u00e8se d&#039;Avila, ma\u00eetresse de vie spirituelle\" width=\"750\" height=\"422\" src=\"https:\/\/www.youtube.com\/embed\/Pn-62zPbZU4?feature=oembed\" frameborder=\"0\" allow=\"accelerometer; autoplay; clipboard-write; encrypted-media; gyroscope; picture-in-picture\" allowfullscreen><\/iframe>\n<\/div><\/figure>\n\n\n\n<h2 class=\"wp-block-heading\">Th\u00e9r\u00e8se d\u2019Avila, ma\u00eetresse de vie spirituelle<\/h2>\n\n\n\n<h2 class=\"wp-block-heading\">1) La vie et l\u2019\u0153uvre de sainte Th\u00e9r\u00e8se de J\u00e9sus<\/h2>\n\n\n\n<h3 class=\"wp-block-heading\">Parcours de sa vie (1515-1582)<\/h3>\n\n\n\n<h3 class=\"wp-block-heading\">Ses ouvrages<\/h3>\n\n\n\n<h4 class=\"wp-block-heading\">La <em>Vie<\/em><\/h4>\n\n\n\n<h4 class=\"wp-block-heading\">Le <em>Chemin de la Perfection<\/em><\/h4>\n\n\n\n<h4 class=\"wp-block-heading\">Les <em>Fondations<\/em><\/h4>\n\n\n\n<h4 class=\"wp-block-heading\">Les <em>Demeures<\/em> (le <em>Ch\u00e2teau int\u00e9rieur<\/em>)<\/h4>\n\n\n\n<h2 class=\"wp-block-heading\">2) La d\u00e9finition de l\u2019oraison par sainte Th\u00e9r\u00e8se<\/h2>\n\n\n\n<blockquote class=\"wp-block-quote is-layout-flow wp-block-quote-is-layout-flow\"><p><strong><a href=\"https:\/\/oraison.apprendreaprier.net\/meditation\/jour2.html\" data-type=\"URL\" data-id=\"https:\/\/oraison.apprendreaprier.net\/meditation\/jour2.html\" target=\"_blank\" rel=\"noreferrer noopener\">L\u2019oraison<\/a> \u00ab&nbsp;n\u2019est qu\u2019un \u00e9change intime d\u2019amiti\u00e9 o\u00f9 l\u2019on s\u2019entretient souvent seul \u00e0 seul avec ce Dieu dont on se sait aim\u00e9.&nbsp;\u00bb <\/strong><\/p><cite><em><strong>Vie, <\/strong>chap.8 <\/em><\/cite><\/blockquote>\n\n\n\n<h2 class=\"wp-block-heading\">3) La croissance spirituelle en \u00ab&nbsp;sept Demeures&nbsp;\u00bb<\/h2>\n\n\n\n<p><em>&#8211; <a href=\"https:\/\/oraison.apprendreaprier.net\/meditation\/jour15.html\" data-type=\"URL\" data-id=\"https:\/\/oraison.apprendreaprier.net\/meditation\/jour15.html\" target=\"_blank\" rel=\"noreferrer noopener\">Les Sept Demeures&nbsp;: Le Ch\u00e2teau int\u00e9rieur<\/a><\/em><\/p>\n\n\n\n<p><em>&#8211; Un autre exemple de progr\u00e8s spirituel&nbsp;: Vie, chap 11 et suivants<\/em><\/p>\n\n\n\n<p>&nbsp;&nbsp;&nbsp;&nbsp;&nbsp;&nbsp;&nbsp;&nbsp;&nbsp;&nbsp;&nbsp; \u00ab&nbsp;6. [\u2026] Le d\u00e9butant doit concevoir que le terrain o\u00f9 il entreprend de cultiver un verger o\u00f9 se d\u00e9lectera le Seigneur est tr\u00e8s ingrat, plein de tr\u00e8s mauvaises herbes. Sa majest\u00e9 arrache les mauvaises herbes, et doit planter les bonnes. Sachons que cela est d\u00e9j\u00e0 fait quand une \u00e2me d\u00e9cide de faire oraison et qu&rsquo;elle a commenc\u00e9. Avec l&rsquo;aide de Dieu, nous devons t\u00e2cher, en bons jardiniers, de faire pousser ces plantes, prendre soin de les arroser pour qu&rsquo;elles ne meurent point, mais donnent un jour des fleurs dont le parfum r\u00e9jouira Notre-Seigneur; il viendra donc souvent se d\u00e9lecter dans ce jardin et se r\u00e9jouir au milieu de ces vertus.<br>&nbsp;&nbsp;&nbsp;&nbsp;&nbsp;&nbsp;&nbsp;&nbsp;&nbsp;&nbsp;&nbsp; 7. [\u2026] Il me semble qu&rsquo;il y a quatre mani\u00e8res d&rsquo;arroser&nbsp;:<br>&nbsp;&nbsp;&nbsp;&nbsp;&nbsp;&nbsp;&nbsp;&nbsp;&nbsp;&nbsp;&nbsp; &#8211; on tire plus d&rsquo;eau \u00e0 moindre peine en tournant la manivelle d&rsquo;une noria munie de godets, comme je l&rsquo;ai fait quelquefois&nbsp;;<br>&nbsp;&nbsp;&nbsp;&nbsp;&nbsp;&nbsp;&nbsp;&nbsp;&nbsp;&nbsp;&nbsp; &#8211; on am\u00e8ne l&rsquo;eau d&rsquo;une rivi\u00e8re ou d&rsquo;un ruisseau, ce qui arrose beaucoup mieux car la terre se gorge mieux d&rsquo;eau, on n&rsquo;a pas besoin d&rsquo;arroser si souvent et le jardinier a beaucoup moins de travail&nbsp;;<br><\/p>\n\n\n\n<h2 class=\"wp-block-heading\">4) Regarder J\u00e9sus&nbsp;!<\/h2>\n\n\n\n<p><em>Chemin de la Perfection, chapitre 42<\/em><\/p>\n\n\n\n<p>&nbsp;&nbsp;&nbsp;&nbsp;&nbsp;&nbsp;&nbsp;&nbsp;&nbsp;&nbsp;&nbsp; \u00ab&nbsp;1. [\u2026] pour prier comme il faut, vous devez, vous le savez, commencer par examiner votre conscience, r\u00e9citer le Confiteor et faire le signe de la croix. Ensuite, et puisque vous \u00eates seules, essayez, mes filles, de trouver une compagnie. Mais quelle meilleure compagnie que celle du Ma\u00eetre lui-m\u00eame qui vous a enseign\u00e9 la pri\u00e8re que vous allez r\u00e9citer&nbsp;? Imaginez que le Seigneur est tout pr\u00e8s de vous, et regardez avec quel amour et avec quelle humilit\u00e9 il vous instruit. Croyez-moi, faites tout votre possible pour ne jamais vous s\u00e9parer d\u2019un si bon ami. Si vous vous habituez \u00e0 le <em>garder pr\u00e8s de vous<\/em>, et s\u2019il voit que vous le faites avec amour et que vous vous efforcez de le contenter, vous ne pourrez plus, comme on dit, vous en d\u00e9barrasser&nbsp;; il ne vous manquera jamais, il vous aidera dans toutes vos difficult\u00e9s, il sera partout avec vous. Pensez-vous que ce soit peu de chose que d\u2019avoir un tel ami \u00e0 vos c\u00f4t\u00e9s&nbsp;?<\/p>\n\n\n\n<p>&nbsp;&nbsp;&nbsp;&nbsp;&nbsp;&nbsp;&nbsp;&nbsp;&nbsp;&nbsp;&nbsp; 2. O \u00e2mes qui ne pouvez discourir beaucoup avec 1\u2019entendement ni fixer votre pens\u00e9e sur Dieu sans \u00eatre aussit\u00f4t distraites, prenez, prenez cette habitude&nbsp;! [\u2026]<\/p>\n\n\n\n<p>&nbsp;&nbsp;&nbsp;&nbsp;&nbsp;&nbsp;&nbsp;&nbsp;&nbsp;&nbsp;&nbsp; 3. Je ne vous demande pas de penser \u00e0 lui, ni de forger quantit\u00e9 de concepts ou de tirer de votre esprit de hautes et subtiles consid\u00e9rations&nbsp;; je ne vous demande que <em>de fixer sur lui votre regard<\/em>. [\u2026] Mes filles, votre \u00c9poux ne vous quitte jamais des yeux&nbsp;; il a support\u00e9 de votre part mille choses laides et abominables, et ces offenses contre lui n\u2019ont pas suffi pour qu\u2019il d\u00e9tourn\u00e2t de vous ses regards. Est-ce donc beaucoup que vous d\u00e9tourniez les yeux de l\u2019\u00e2me des choses ext\u00e9rieures pour les porter quelquefois sur lui&nbsp;? Songez, comme il le dit \u00e0 l\u2019\u00c9pouse, qu\u2019il n\u2019attend de vous qu\u2019un regard&nbsp;; vous le trouverez tel que vous le d\u00e9sirerez. Il estime tant ce regard que, de son c\u00f4t\u00e9, il ne n\u00e9gligera rien pour l\u2019avoir.<\/p>\n\n\n\n<p>&nbsp;&nbsp;&nbsp;&nbsp;&nbsp;&nbsp;&nbsp;&nbsp;&nbsp;&nbsp;&nbsp; 4. [\u2026 Le Seigneur] se fait votre sujet, et il veut que vous soyez les souveraines&nbsp;; il se soumet \u00e0 votre volont\u00e9. Si vous \u00eates joyeuse, contemplez-le ressuscit\u00e9&nbsp;: rien qu\u2019\u00e0 l\u2019imaginer sortir du s\u00e9pulcre, vous serez remplies d\u2019all\u00e9gresse. Quelle clart\u00e9, quelle beaut\u00e9, quelle majest\u00e9&nbsp;! quel air de victoire et de jubilation&nbsp;! Il est sorti glorieux du champ de bataille o\u00f9 il a gagn\u00e9 un immense royaume qu\u2019il veut tout entier vous offrir, en m\u00eame temps qu\u2019il se donne lui-m\u00eame \u00e0 vous. Est-ce donc beaucoup que vous \u00e9leviez parfois les yeux vers celui qui vous fait un tel don&nbsp;?<\/p>\n\n\n\n<p>&nbsp;&nbsp;&nbsp;&nbsp;&nbsp;&nbsp;&nbsp;&nbsp;&nbsp;&nbsp;&nbsp; 5. Si vous \u00eates dans l\u2019\u00e9preuve ou la tristesse, regardez-le attach\u00e9 \u00e0 la colonne, accabl\u00e9 de douleurs, toutes ses chairs mises en lambeaux tant est grand l\u2019amour qu\u2019il a pour vous, pers\u00e9cut\u00e9 par les uns, couvert de crachats par les autres, reni\u00e9 par d\u2019autres encore, sans amis, sans personne qui prenne sa d\u00e9fense, transi de froid, si totalement abandonn\u00e9 que vous pouvez vous consoler l\u2019un l\u2019autre. Regardez-le encore, au jardin des Oliviers, ou sur la croix, ou bien quand il fl\u00e9chissait sous son poids et ne pouvait pas m\u00eame reprendre haleine&nbsp;; il tournera vers vous ses yeux si beaux, si compatissants, tout remplis de larmes, et il oubliera ses souffrances pour vous consoler des v\u00f4tres, uniquement parce que vous allez chercher consolation pr\u00e8s de lui et que vous tournez la t\u00eate pour le regarder.<\/p>\n\n\n\n<p>&nbsp;&nbsp;&nbsp;&nbsp;&nbsp;&nbsp;&nbsp;&nbsp;&nbsp;&nbsp;&nbsp; 6. O Seigneur du monde et mon v\u00e9ritable \u00c9poux&nbsp;! (Pouvez-vous lui dire si votre c\u0153ur s\u2019attendrit en le voyant dans un tel \u00e9tat, et que non seulement vous voulez le regarder mais vous vous r\u00e9jouissez de parler avec lui, non certes, pour lui adresser des pri\u00e8res toutes faites, mais pour lui dire la peine de votre c\u0153ur, ce qu\u2019il appr\u00e9cie au plus haut point.) \u00cates-vous, mon Seigneur et mon Bien, r\u00e9duit \u00e0 une telle extr\u00e9mit\u00e9 que vous trouviez bon d\u2019accepter ma pauvre compagnie&nbsp;? et je vois, \u00e0 l\u2019expression de votre visage, que vous avez oubli\u00e9 vos peines en me voyant pr\u00e8s de vous. Mais comment, Seigneur, est-il possible que les Anges vous laissent seul, et que votre P\u00e8re ne vous console pas&nbsp;? S\u2019il en est ainsi, Seigneur, et si vous voulez souffrir tout cela pour moi, puis-je appeler souffrance ce que je supporte&nbsp;? de quoi ai-je \u00e0 me plaindre&nbsp;? je me sens toute honteuse de vous avoir vu dans cet \u00e9tat, et je suis pr\u00e9par\u00e9e, mon Bien, \u00e0 endurer toutes les \u00e9preuves qui pourront m\u2019arriver, et \u00e0 les consid\u00e9rer comme une grande richesse puisqu\u2019elles me permettent de vous ressembler en quelque chose. Marchons ensemble, Seigneur, je veux aller par o\u00f9 vous \u00eates all\u00e9&nbsp;; je veux passer par o\u00f9 vous \u00eates pass\u00e9.&nbsp;\u00bb<\/p>\n","protected":false},"excerpt":{"rendered":"<p>Th\u00e9r\u00e8se d&rsquo;Avila, fondatrice du Carmel r\u00e9form\u00e9 et docteur de l&rsquo;Eglise, est consid\u00e9r\u00e9e comme la \u00ab\u00a0m\u00e8re des spirituels\u00a0\u00bb. En effet, son enseignement sur la vie de pri\u00e8re est des plus remarquables! Elle a aussi pr\u00e9sent\u00e9 de fa\u00e7on magistrale les diff\u00e9rentes \u00e9tapes de la vie spirituelle. Voici une vid\u00e9o pour la d\u00e9couvrir! Th\u00e9r\u00e8se d\u2019Avila, ma\u00eetresse de vie&hellip; <a class=\"more-link\" href=\"https:\/\/apprendreaprier.net\/blog-priere\/2021\/10\/therese-davila-maitresse-de-vie-spirituelle\/\">Poursuivre la lecture <span class=\"screen-reader-text\">Th\u00e9r\u00e8se d&rsquo;Avila, ma\u00eetresse de vie spirituelle<\/span><\/a><\/p>\n","protected":false},"author":1,"featured_media":0,"comment_status":"closed","ping_status":"","sticky":false,"template":"","format":"standard","meta":{"_jetpack_memberships_contains_paid_content":false,"footnotes":""},"categories":[5,7],"tags":[27,25,26,24],"class_list":["post-196","post","type-post","status-publish","format-standard","hentry","category-enseignement-video","category-priere","tag-croissance-spirituelle","tag-oraison","tag-priere","tag-therese-davila","entry"],"jetpack_featured_media_url":"","jetpack_sharing_enabled":true,"_links":{"self":[{"href":"https:\/\/apprendreaprier.net\/blog-priere\/wp-json\/wp\/v2\/posts\/196","targetHints":{"allow":["GET"]}}],"collection":[{"href":"https:\/\/apprendreaprier.net\/blog-priere\/wp-json\/wp\/v2\/posts"}],"about":[{"href":"https:\/\/apprendreaprier.net\/blog-priere\/wp-json\/wp\/v2\/types\/post"}],"author":[{"embeddable":true,"href":"https:\/\/apprendreaprier.net\/blog-priere\/wp-json\/wp\/v2\/users\/1"}],"replies":[{"embeddable":true,"href":"https:\/\/apprendreaprier.net\/blog-priere\/wp-json\/wp\/v2\/comments?post=196"}],"version-history":[{"count":4,"href":"https:\/\/apprendreaprier.net\/blog-priere\/wp-json\/wp\/v2\/posts\/196\/revisions"}],"predecessor-version":[{"id":202,"href":"https:\/\/apprendreaprier.net\/blog-priere\/wp-json\/wp\/v2\/posts\/196\/revisions\/202"}],"wp:attachment":[{"href":"https:\/\/apprendreaprier.net\/blog-priere\/wp-json\/wp\/v2\/media?parent=196"}],"wp:term":[{"taxonomy":"category","embeddable":true,"href":"https:\/\/apprendreaprier.net\/blog-priere\/wp-json\/wp\/v2\/categories?post=196"},{"taxonomy":"post_tag","embeddable":true,"href":"https:\/\/apprendreaprier.net\/blog-priere\/wp-json\/wp\/v2\/tags?post=196"}],"curies":[{"name":"wp","href":"https:\/\/api.w.org\/{rel}","templated":true}]}}