{"id":174,"date":"2021-09-24T18:46:23","date_gmt":"2021-09-24T18:46:23","guid":{"rendered":"https:\/\/apprendreaprier.net\/blog-priere\/?p=174"},"modified":"2021-10-16T19:25:14","modified_gmt":"2021-10-16T19:25:14","slug":"le-sacrement-de-confession","status":"publish","type":"post","link":"https:\/\/apprendreaprier.net\/blog-priere\/2021\/09\/le-sacrement-de-confession\/","title":{"rendered":"Le sacrement de confession"},"content":{"rendered":"\n<div class=\"wp-block-media-text alignwide is-stacked-on-mobile\"><figure class=\"wp-block-media-text__media\"><img data-recalc-dims=\"1\" loading=\"lazy\" decoding=\"async\" width=\"740\" height=\"540\" src=\"https:\/\/i0.wp.com\/apprendreaprier.net\/blog-priere\/wp-content\/uploads\/2021\/09\/pape-confession.jpg?resize=740%2C540&#038;ssl=1\" alt=\"\" class=\"wp-image-175 size-full\" srcset=\"https:\/\/i0.wp.com\/apprendreaprier.net\/blog-priere\/wp-content\/uploads\/2021\/09\/pape-confession.jpg?w=740&amp;ssl=1 740w, https:\/\/i0.wp.com\/apprendreaprier.net\/blog-priere\/wp-content\/uploads\/2021\/09\/pape-confession.jpg?resize=300%2C219&amp;ssl=1 300w\" sizes=\"auto, (max-width: 740px) 100vw, 740px\" \/><\/figure><div class=\"wp-block-media-text__content\">\n<p class=\"has-large-font-size\">Se <a href=\"https:\/\/foi.apprendreaprier.net\/meditation\/jour19.html\" data-type=\"URL\" data-id=\"https:\/\/foi.apprendreaprier.net\/meditation\/jour19.html\" target=\"_blank\" rel=\"noreferrer noopener\">confesser<\/a> : une pratique d\u00e9mod\u00e9e et culpabilisante&#8230;<br>&#8230;ou plut\u00f4t l&rsquo;exp\u00e9rience lib\u00e9ratrice de la mis\u00e9ricorde infinie de Dieu?<\/p>\n\n\n\n<p>Dans cet enseignement, nous vous proposons de red\u00e9couvrir la beaut\u00e9 de ce sacrement du pardon<\/p>\n<\/div><\/div>\n\n\n\n<figure class=\"wp-block-embed is-type-video is-provider-youtube wp-block-embed-youtube wp-embed-aspect-16-9 wp-has-aspect-ratio\"><div class=\"wp-block-embed__wrapper\">\n<iframe loading=\"lazy\" title=\"Le sacrement de Confession\" width=\"750\" height=\"422\" src=\"https:\/\/www.youtube.com\/embed\/O9Q7VuGTCmk?feature=oembed\" frameborder=\"0\" allow=\"accelerometer; autoplay; clipboard-write; encrypted-media; gyroscope; picture-in-picture\" allowfullscreen><\/iframe>\n<\/div><figcaption>Enseignement sur la confession<\/figcaption><\/figure>\n\n\n\n<p>Voici les citations et le plan de la conf\u00e9rence : <\/p>\n\n\n\n<p><em>&nbsp;&nbsp;&nbsp;&nbsp;&nbsp;&nbsp;&nbsp;&nbsp;&nbsp;&nbsp;&nbsp; \u00ab&nbsp;<sup>19&nbsp;<\/sup>Le soir venu, en ce premier jour de la semaine, alors que les portes du lieu o\u00f9 se trouvaient les disciples \u00e9taient verrouill\u00e9es par crainte des Juifs, J\u00e9sus vint, et il \u00e9tait l\u00e0 au milieu d\u2019eux. Il leur dit&nbsp;: \u201cLa paix soit avec vous&nbsp;!\u201d <sup>20&nbsp;<\/sup>Apr\u00e8s cette parole, il leur montra ses mains et son c\u00f4t\u00e9. Les disciples furent remplis de joie en voyant le Seigneur. <sup>21&nbsp;<\/sup>J\u00e9sus leur dit de nouveau&nbsp;: \u201cLa paix soit avec vous&nbsp;! De m\u00eame que le P\u00e8re m\u2019a envoy\u00e9, moi aussi, je vous envoie.\u201d <sup>22&nbsp;<\/sup>Ayant ainsi parl\u00e9, il souffla sur eux et il leur dit&nbsp;: \u201cRecevez l\u2019Esprit Saint. <sup>23&nbsp;<\/sup>\u00c0 qui vous remettrez ses p\u00e9ch\u00e9s, ils seront remis&nbsp;; \u00e0 qui vous maintiendrez ses p\u00e9ch\u00e9s, ils seront maintenus.\u201d&nbsp;\u00bb (Jn&nbsp;20, 19\u201123)<\/em><\/p>\n\n\n\n<h1 class=\"wp-block-heading\">1) L\u2019histoire du <a href=\"https:\/\/foi.apprendreaprier.net\/meditation\/jour19.html\" data-type=\"URL\" data-id=\"https:\/\/foi.apprendreaprier.net\/meditation\/jour19.html\" target=\"_blank\" rel=\"noreferrer noopener\">sacrement de confession<\/a> et ses effets<\/h1>\n\n\n\n<h2 class=\"wp-block-heading\">Le p\u00e9ch\u00e9 originel et le <a href=\"https:\/\/foi.apprendreaprier.net\/meditation\/jour4.html\" data-type=\"URL\" data-id=\"https:\/\/foi.apprendreaprier.net\/meditation\/jour4.html\" target=\"_blank\" rel=\"noreferrer noopener\">salut<\/a> par le <a href=\"https:\/\/foi.apprendreaprier.net\/meditation\/jour9.html\" data-type=\"URL\" data-id=\"https:\/\/foi.apprendreaprier.net\/meditation\/jour9.html\" target=\"_blank\" rel=\"noreferrer noopener\">bapt\u00eame<\/a> et la <a href=\"https:\/\/oraison.apprendreaprier.net\/meditation\/jour10.html\" data-type=\"URL\" data-id=\"https:\/\/oraison.apprendreaprier.net\/meditation\/jour10.html\" target=\"_blank\" rel=\"noreferrer noopener\">foi<\/a><\/h2>\n\n\n\n<p>&nbsp;&nbsp;&nbsp;&nbsp;&nbsp;&nbsp;&nbsp;&nbsp;&nbsp;&nbsp;&nbsp; \u00ab&nbsp;<sup>12&nbsp;<\/sup>Nous savons que <strong><em>par un seul homme, le p\u00e9ch\u00e9 est entr\u00e9 dans le monde, et que par le p\u00e9ch\u00e9 est venue la mort<\/em><\/strong>&nbsp;; et ainsi, la mort est pass\u00e9e en tous les hommes, \u00e9tant donn\u00e9 que tous ont p\u00e9ch\u00e9. [\u2026] <sup>14&nbsp;<\/sup> depuis Adam jusqu\u2019\u00e0 Mo\u00efse, la mort a \u00e9tabli son r\u00e8gne, m\u00eame sur ceux qui n\u2019avaient pas p\u00e9ch\u00e9 par une transgression semblable \u00e0 celle d\u2019Adam.[\u2026]<\/p>\n\n\n\n<p>&nbsp;&nbsp;&nbsp;&nbsp;&nbsp;&nbsp;&nbsp;&nbsp;&nbsp;&nbsp;&nbsp; <sup>15&nbsp;<\/sup>Mais il n&rsquo;en va pas du don gratuit comme de la faute. En effet, <strong>si la mort a frapp\u00e9 la multitude par la faute d\u2019un seul, combien plus la gr\u00e2ce de Dieu s\u2019est-elle r\u00e9pandue en abondance sur la multitude, cette gr\u00e2ce qui est donn\u00e9e en un seul homme, J\u00e9sus Christ.<\/strong><\/p>\n\n\n\n<p>&nbsp;&nbsp;&nbsp;&nbsp;&nbsp;&nbsp;&nbsp;&nbsp;&nbsp;&nbsp;&nbsp; [\u2026] l\u00e0 o\u00f9 le p\u00e9ch\u00e9 s\u2019est multipli\u00e9, la gr\u00e2ce a surabond\u00e9. [6]&nbsp;<sup>1&nbsp;<\/sup>Que dire alors&nbsp;? Allons-nous demeurer dans le p\u00e9ch\u00e9 pour que la gr\u00e2ce se multiplie&nbsp;? <sup>2&nbsp;<\/sup>Pas du tout. Puisque nous sommes morts au p\u00e9ch\u00e9, comment pourrions-nous vivre encore dans le p\u00e9ch\u00e9&nbsp;?<\/p>\n\n\n\n<p>&nbsp;&nbsp;&nbsp;&nbsp;&nbsp;&nbsp;&nbsp;&nbsp;&nbsp;&nbsp;&nbsp; <sup>3&nbsp;<\/sup>Ne le savez-vous pas&nbsp;? <strong>Nous tous qui par le bapt\u00eame avons \u00e9t\u00e9 unis au Christ J\u00e9sus, c\u2019est \u00e0 sa <a href=\"https:\/\/foi.apprendreaprier.net\/meditation\/jour4.html\" data-type=\"URL\" data-id=\"https:\/\/foi.apprendreaprier.net\/meditation\/jour4.html\" target=\"_blank\" rel=\"noreferrer noopener\">mort <\/a>que nous avons \u00e9t\u00e9 unis par le <a href=\"https:\/\/foi.apprendreaprier.net\/meditation\/jour9.html\" data-type=\"URL\" data-id=\"https:\/\/foi.apprendreaprier.net\/meditation\/jour9.html\" target=\"_blank\" rel=\"noreferrer noopener\">bapt\u00eame<\/a><\/strong>. <sup>4&nbsp;<\/sup>Si donc, par le bapt\u00eame qui nous unit \u00e0 sa mort, nous avons \u00e9t\u00e9 mis au tombeau avec lui, c\u2019est pour que nous menions une vie nouvelle, nous aussi, comme le Christ qui, par la toute-puissance du P\u00e8re, est ressuscit\u00e9 d\u2019entre les morts. <sup>5&nbsp;<\/sup>Car, si nous avons \u00e9t\u00e9 unis \u00e0 lui par une mort qui ressemble \u00e0 la sienne, nous le serons aussi par <a href=\"https:\/\/foi.apprendreaprier.net\/meditation\/jour7.html\" data-type=\"URL\" data-id=\"https:\/\/foi.apprendreaprier.net\/meditation\/jour7.html\" target=\"_blank\" rel=\"noreferrer noopener\">une r\u00e9surrection qui ressemblera \u00e0 la sienne<\/a>. <sup>6&nbsp;<\/sup>Nous le savons&nbsp;: <strong>l\u2019homme ancien qui est en nous a \u00e9t\u00e9 fix\u00e9 \u00e0 la croix avec lui pour que le corps du p\u00e9ch\u00e9 soit r\u00e9duit \u00e0 rien, et qu\u2019ainsi nous ne soyons plus esclaves du p\u00e9ch\u00e9<\/strong>.<\/p>\n\n\n\n<p>&nbsp;&nbsp;&nbsp;&nbsp;&nbsp;&nbsp;&nbsp;&nbsp;&nbsp;&nbsp;&nbsp; [\u2026] <strong><sup>10&nbsp;<\/sup>Car lui qui est mort, c&rsquo;est au p\u00e9ch\u00e9 qu&rsquo;il est mort une fois pour toutes&nbsp;; lui qui est vivant, c&rsquo;est pour Dieu qu&rsquo;il est vivant<\/strong>. <sup>11&nbsp;<\/sup>De m\u00eame, vous aussi, pensez que vous \u00eates morts au p\u00e9ch\u00e9, mais vivants pour Dieu en J\u00e9sus Christ.<\/p>\n\n\n\n<p>&nbsp;&nbsp;&nbsp;&nbsp;&nbsp;&nbsp;&nbsp;&nbsp;&nbsp;&nbsp;&nbsp; <strong><sup>12&nbsp;<\/sup>Il ne faut donc pas que le p\u00e9ch\u00e9 r\u00e8gne dans votre corps mortel et vous fasse ob\u00e9ir \u00e0 ses d\u00e9sirs<\/strong>.&nbsp;\u00bb (Rm&nbsp;5, 12 &#8211; 6, 14)<\/p>\n\n\n\n<p>&nbsp;&nbsp;&nbsp;&nbsp;&nbsp;&nbsp;&nbsp;&nbsp;&nbsp;&nbsp;&nbsp; \u00ab&nbsp;Celui qui croira et sera baptis\u00e9 sera sauv\u00e9&nbsp;; celui qui refusera de croire sera condamn\u00e9.&nbsp;\u00bb (Mc&nbsp;16, 16)<\/p>\n\n\n\n<h2 class=\"wp-block-heading\">Un second pardon est-il encore possible apr\u00e8s le <a href=\"https:\/\/foi.apprendreaprier.net\/meditation\/jour9.html\" data-type=\"URL\" data-id=\"https:\/\/foi.apprendreaprier.net\/meditation\/jour9.html\" target=\"_blank\" rel=\"noreferrer noopener\">bapt\u00eame<\/a>&nbsp;?<\/h2>\n\n\n\n<p><strong>&nbsp;&nbsp;&nbsp;&nbsp;&nbsp;&nbsp;&nbsp;&nbsp;&nbsp;&nbsp;&nbsp; <\/strong>\u00ab&nbsp;Il nous a choisis, dans le Christ, avant la fondation du monde, pour que nous soyons saints, immacul\u00e9s devant lui, dans l\u2019amour.&nbsp;\u00bb (Ep&nbsp;1, 4)<\/p>\n\n\n\n<p>&nbsp;&nbsp;&nbsp;&nbsp;&nbsp;&nbsp;&nbsp;&nbsp;&nbsp;&nbsp;&nbsp; \u00ab&nbsp;<sup>4&nbsp;<\/sup>Une fois que l\u2019on a re\u00e7u la lumi\u00e8re, go\u00fbt\u00e9 au don du ciel, que l\u2019on a eu part \u00e0 l\u2019Esprit Saint, <sup>5&nbsp;<\/sup>que l\u2019on a go\u00fbt\u00e9 la parole excellente de Dieu, ainsi que les puissances du monde \u00e0 venir, <sup>6&nbsp;<\/sup>si l\u2019on retombe<em>,<\/em> il est impossible d\u2019\u00eatre amen\u00e9 \u00e0 une nouvelle conversion, alors que soi-m\u00eame, on crucifie de nouveau le Fils de Dieu et on le tourne en d\u00e9rision.&nbsp;\u00bb (He&nbsp;6, 4\u20116)<\/p>\n\n\n\n<p>&nbsp;&nbsp;&nbsp;&nbsp;&nbsp;&nbsp;&nbsp;&nbsp;&nbsp;&nbsp;&nbsp; Le <em>Pasteur<\/em> d\u2019Hermas (II<sup>e<\/sup> s.)<\/p>\n\n\n\n<p>&nbsp;&nbsp;&nbsp;&nbsp;&nbsp;&nbsp;&nbsp;&nbsp;&nbsp;&nbsp;&nbsp; La p\u00e9nitence publique (\u00e9poque patristique)<\/p>\n\n\n\n<p>&nbsp;&nbsp;&nbsp;&nbsp;&nbsp;&nbsp;&nbsp;&nbsp;&nbsp;&nbsp;&nbsp; Les moines irlandais (VII<sup>e<\/sup> s.)<\/p>\n\n\n\n<h2 class=\"wp-block-heading\">Les effets de la confession<\/h2>\n\n\n\n<p>CEC 1496&nbsp;: Les effets spirituels du sacrement de P\u00e9nitence sont :<\/p>\n\n\n\n<p>\u2013 la r\u00e9conciliation avec Dieu par laquelle le p\u00e9nitent recouvre la gr\u00e2ce,<\/p>\n\n\n\n<p>\u2013 la r\u00e9conciliation avec l\u2019<a href=\"https:\/\/foi.apprendreaprier.net\/meditation\/jour6.html\" data-type=\"URL\" data-id=\"https:\/\/foi.apprendreaprier.net\/meditation\/jour6.html\" target=\"_blank\" rel=\"noreferrer noopener\">\u00c9glise<\/a> ;<\/p>\n\n\n\n<p>\u2013 la remise de la peine \u00e9ternelle [= enfer] encourue par les p\u00e9ch\u00e9s mortels ;<\/p>\n\n\n\n<p>\u2013 la remise, au moins en partie, des peines temporelles, suites du p\u00e9ch\u00e9 ;<\/p>\n\n\n\n<p>\u2013 la paix et la s\u00e9r\u00e9nit\u00e9 de la conscience, et la consolation spirituelle ;<\/p>\n\n\n\n<p>\u2013 l\u2019accroissement des forces spirituelles pour le combat chr\u00e9tien.<\/p>\n\n\n\n<h1 class=\"wp-block-heading\">2) Les diff\u00e9rentes parties de ce sacrement<\/h1>\n\n\n\n<p><strong>1) La contrition <\/strong>(le regret des p\u00e9ch\u00e9s)<\/p>\n\n\n\n<p><strong>2) La confession<\/strong> (l\u2019aveu au pr\u00eatre)<\/p>\n\n\n\n<p><strong>3) L\u2019absolution<\/strong> (le pardon)<\/p>\n\n\n\n<p><strong>4) La satisfaction<\/strong> (l\u2019effectuation de la p\u00e9nitence)<\/p>\n\n\n\n<h1 class=\"wp-block-heading\">3) Quelques clefs pour vivre ce sacrement<\/h1>\n\n\n\n<h2 class=\"wp-block-heading\">L\u2019humilit\u00e9 d\u2019aller trouver un pr\u00eatre qui pardonne au nom de J\u00e9sus<\/h2>\n\n\n\n<p>&nbsp;&nbsp;&nbsp;&nbsp;&nbsp;&nbsp;&nbsp;&nbsp;&nbsp;&nbsp;&nbsp; \u00ab&nbsp;<sup>5&nbsp;<\/sup>En effet, qu\u2019est-ce qui est le plus facile&nbsp;? Dire&nbsp;: \u201cTes p\u00e9ch\u00e9s sont pardonn\u00e9s\u201d, ou bien dire&nbsp;: \u201cL\u00e8ve-toi et marche\u201d&nbsp;?&nbsp;<sup>6&nbsp;<\/sup>Eh bien&nbsp;! pour que vous sachiez que&nbsp;le Fils de l\u2019homme a le pouvoir, sur la terre, de pardonner les p\u00e9ch\u00e9s\u2026&nbsp;\u2013 J\u00e9sus s\u2019adressa alors au paralys\u00e9 \u2013 l\u00e8ve-toi, prends ta civi\u00e8re, et rentre dans ta maison.\u201d&nbsp;<sup>7&nbsp;<\/sup>Il se leva et rentra dans sa maison.&nbsp;<sup>8&nbsp;<\/sup>Voyant cela, les foules furent saisies de crainte, et rendirent gloire \u00e0&nbsp;Dieu qui a donn\u00e9 un tel pouvoir aux hommes&nbsp;\u00bb&nbsp;(Mt&nbsp;9, 5\u20118).<\/p>\n\n\n\n<p>&nbsp;&nbsp;&nbsp;&nbsp;&nbsp;&nbsp;&nbsp;&nbsp;&nbsp;&nbsp;&nbsp; \u00ab&nbsp;<sup>22&nbsp;<\/sup>J\u00e9sus souffla sur eux et il leur dit&nbsp;: \u201cRecevez l\u2019Esprit Saint.&nbsp;<sup>23&nbsp;<\/sup>\u00c0 qui vous remettrez ses p\u00e9ch\u00e9s, ils seront remis&nbsp;; \u00e0 qui vous maintiendrez ses p\u00e9ch\u00e9s, ils seront maintenus\u201d&nbsp;\u00bb (Jn&nbsp;20, 22\u201123).<\/p>\n\n\n\n<p>&nbsp;&nbsp;&nbsp;&nbsp;&nbsp;&nbsp;&nbsp;&nbsp;&nbsp;&nbsp;&nbsp; \u00ab&nbsp;Je te donnerai les cl\u00e9s du royaume des Cieux&nbsp;: tout ce que tu auras li\u00e9 sur la terre sera li\u00e9 dans les cieux, et tout ce que tu auras d\u00e9li\u00e9 sur la terre sera d\u00e9li\u00e9 dans les cieux\u201d&nbsp;\u00bb&nbsp;(Mt&nbsp;16, 19).<\/p>\n\n\n\n<h2 class=\"wp-block-heading\">Joie dans le Ciel&nbsp;! Faire la joie de Dieu<\/h2>\n\n\n\n<p>&nbsp;&nbsp;&nbsp;&nbsp;&nbsp;&nbsp;&nbsp;&nbsp;&nbsp;&nbsp;&nbsp; \u00ab&nbsp;Je vous le dis&nbsp;: C\u2019est ainsi qu\u2019il y aura de la joie dans le ciel pour un seul p\u00e9cheur qui se convertit, plus que pour quatre-vingt-dix-neuf justes qui n\u2019ont pas besoin de conversion.&nbsp;\u00bb (Lc&nbsp;15, 7)<\/p>\n\n\n\n<h2 class=\"wp-block-heading\">Affinement de l\u2019amour et <a href=\"https:\/\/oraison.apprendreaprier.net\/meditation\/jour15.html\" data-type=\"URL\" data-id=\"https:\/\/oraison.apprendreaprier.net\/meditation\/jour15.html\" target=\"_blank\" rel=\"noreferrer noopener\">progr\u00e8s spirituel<\/a><\/h2>\n\n\n\n<p>&nbsp;&nbsp;&nbsp;&nbsp;&nbsp;&nbsp;&nbsp;&nbsp;&nbsp;&nbsp;&nbsp; Jn 20&nbsp;: \u00ab&nbsp;Pierre, m\u2019aimes-tu&nbsp;?&nbsp;\u00bb<\/p>\n","protected":false},"excerpt":{"rendered":"<p>Se confesser : une pratique d\u00e9mod\u00e9e et culpabilisante&#8230;&#8230;ou plut\u00f4t l&rsquo;exp\u00e9rience lib\u00e9ratrice de la mis\u00e9ricorde infinie de Dieu? Dans cet enseignement, nous vous proposons de red\u00e9couvrir la beaut\u00e9 de ce sacrement du pardon Voici les citations et le plan de la conf\u00e9rence : &nbsp;&nbsp;&nbsp;&nbsp;&nbsp;&nbsp;&nbsp;&nbsp;&nbsp;&nbsp;&nbsp; \u00ab&nbsp;19&nbsp;Le soir venu, en ce premier jour de la semaine, alors que&hellip; <a class=\"more-link\" href=\"https:\/\/apprendreaprier.net\/blog-priere\/2021\/09\/le-sacrement-de-confession\/\">Poursuivre la lecture <span class=\"screen-reader-text\">Le sacrement de confession<\/span><\/a><\/p>\n","protected":false},"author":1,"featured_media":0,"comment_status":"closed","ping_status":"","sticky":false,"template":"","format":"standard","meta":{"_jetpack_memberships_contains_paid_content":false,"footnotes":""},"categories":[5,8],"tags":[20,23,21,22],"class_list":["post-174","post","type-post","status-publish","format-standard","hentry","category-enseignement-video","category-foi","tag-confession","tag-penitence","tag-reconciliation","tag-sacrement","entry"],"jetpack_featured_media_url":"","jetpack_sharing_enabled":true,"_links":{"self":[{"href":"https:\/\/apprendreaprier.net\/blog-priere\/wp-json\/wp\/v2\/posts\/174","targetHints":{"allow":["GET"]}}],"collection":[{"href":"https:\/\/apprendreaprier.net\/blog-priere\/wp-json\/wp\/v2\/posts"}],"about":[{"href":"https:\/\/apprendreaprier.net\/blog-priere\/wp-json\/wp\/v2\/types\/post"}],"author":[{"embeddable":true,"href":"https:\/\/apprendreaprier.net\/blog-priere\/wp-json\/wp\/v2\/users\/1"}],"replies":[{"embeddable":true,"href":"https:\/\/apprendreaprier.net\/blog-priere\/wp-json\/wp\/v2\/comments?post=174"}],"version-history":[{"count":3,"href":"https:\/\/apprendreaprier.net\/blog-priere\/wp-json\/wp\/v2\/posts\/174\/revisions"}],"predecessor-version":[{"id":193,"href":"https:\/\/apprendreaprier.net\/blog-priere\/wp-json\/wp\/v2\/posts\/174\/revisions\/193"}],"wp:attachment":[{"href":"https:\/\/apprendreaprier.net\/blog-priere\/wp-json\/wp\/v2\/media?parent=174"}],"wp:term":[{"taxonomy":"category","embeddable":true,"href":"https:\/\/apprendreaprier.net\/blog-priere\/wp-json\/wp\/v2\/categories?post=174"},{"taxonomy":"post_tag","embeddable":true,"href":"https:\/\/apprendreaprier.net\/blog-priere\/wp-json\/wp\/v2\/tags?post=174"}],"curies":[{"name":"wp","href":"https:\/\/api.w.org\/{rel}","templated":true}]}}